{"id":2256,"date":"2021-12-09T22:49:04","date_gmt":"2021-12-09T21:49:04","guid":{"rendered":"https:\/\/bivouhack.fr\/?p=2256"},"modified":"2022-01-04T20:32:56","modified_gmt":"2022-01-04T19:32:56","slug":"le-voyage-de-marty-le-mirador-jour89","status":"publish","type":"post","link":"https:\/\/bivouhack.fr\/index.php\/2021\/12\/09\/le-voyage-de-marty-le-mirador-jour89\/","title":{"rendered":"Le voyage de Marty, Le Mirador #jour89"},"content":{"rendered":"\n<p>Je me r\u00e9veil vers 5h, il est t\u00f4t, je me rendors. Je me l\u00e8ve finalement \u00e0 8h30 quand le soleil commence \u00e0 taper sur la tente. Bilan de la nuit : aucune sensation de froid mais j&rsquo;\u00e9tais moins \u00e0 l&rsquo;aise qu&rsquo;\u00e0 l&rsquo;accoutum\u00e9e car vraiment avec juste les yeux le nez et la bouche qui sortent. Ha oui, des gens sont pass\u00e9s entre 5 et 8h mais ne m&rsquo;ont rien dit. <\/p>\n\n\n\n<figure class=\"wp-block-image size-large\"><img decoding=\"async\" width=\"2560\" height=\"1440\" src=\"https:\/\/bivouhack.fr\/wp-content\/uploads\/2021\/12\/IMG_20211130_081715-scaled.jpg\" alt=\"\" class=\"wp-image-2596\" srcset=\"https:\/\/bivouhack.fr\/wp-content\/uploads\/2021\/12\/IMG_20211130_081715-scaled.jpg 2560w, https:\/\/bivouhack.fr\/wp-content\/uploads\/2021\/12\/IMG_20211130_081715-300x169.jpg 300w\" sizes=\"(max-width: 2560px) 100vw, 2560px\" \/><\/figure>\n\n\n\n<p>Je d\u00e9jeune mes bananes devant la vue et voit au loin des gens monter la montagne puis crier tous ensemble. Je me dis que ca doit \u00eatre un match de sport ou qqch comme \u00e7a, j&rsquo;irais voir apr\u00e8s. <\/p>\n\n\n\n<figure class=\"wp-block-image\"><img decoding=\"async\" width=\"2560\" height=\"1440\" src=\"https:\/\/bivouhack.fr\/wp-content\/uploads\/2021\/12\/IMG_20211130_100644-scaled.jpg\" alt=\"\" class=\"wp-image-2597\" srcset=\"https:\/\/bivouhack.fr\/wp-content\/uploads\/2021\/12\/IMG_20211130_100644-scaled.jpg 2560w, https:\/\/bivouhack.fr\/wp-content\/uploads\/2021\/12\/IMG_20211130_100644-300x169.jpg 300w, https:\/\/bivouhack.fr\/wp-content\/uploads\/2021\/12\/IMG_20211130_100644-1024x576.jpg 1024w, https:\/\/bivouhack.fr\/wp-content\/uploads\/2021\/12\/IMG_20211130_100644-768x432.jpg 768w, https:\/\/bivouhack.fr\/wp-content\/uploads\/2021\/12\/IMG_20211130_100644-1536x864.jpg 1536w, https:\/\/bivouhack.fr\/wp-content\/uploads\/2021\/12\/IMG_20211130_100644-2048x1152.jpg 2048w, https:\/\/bivouhack.fr\/wp-content\/uploads\/2021\/12\/IMG_20211130_100644-2000x1125.jpg 2000w\" sizes=\"(max-width: 2560px) 100vw, 2560px\" \/><\/figure>\n\n\n\n<figure class=\"wp-block-image size-large\"><img decoding=\"async\" src=\"https:\/\/bivouhack.fr\/wp-content\/uploads\/2021\/12\/IMG_20211130_104423.jpg\" alt=\"\" class=\"wp-image-2601\"\/><\/figure>\n\n\n\n<p>Je range ma tente et voit deux guatemalt\u00e8ques qui me disent bonjour et me font coucou avec leurs mains. Je vais pour monter sur le sommet mais je vois qu&rsquo;ils prient dans leur langue. Je me pose sur le c\u00f4t\u00e9 et attend qu&rsquo;ils aient finis. Je demande pour les gens au loin, on me dit qu&rsquo;ils prient tous ensemble. Aujourd&rsquo;hui c&rsquo;est jour de pri\u00e8re, ils montent tous en haut de la montagne et prient ensemble pour \u00eatre \u00e0 plus proche et que dieu les entende. Assez impressionant. <\/p>\n\n\n\n<figure class=\"wp-block-image size-large\"><img decoding=\"async\" width=\"2560\" height=\"1440\" src=\"https:\/\/bivouhack.fr\/wp-content\/uploads\/2021\/12\/IMG_20211130_095709-scaled.jpg\" alt=\"\" class=\"wp-image-2599\" srcset=\"https:\/\/bivouhack.fr\/wp-content\/uploads\/2021\/12\/IMG_20211130_095709-scaled.jpg 2560w, https:\/\/bivouhack.fr\/wp-content\/uploads\/2021\/12\/IMG_20211130_095709-300x169.jpg 300w\" sizes=\"(max-width: 2560px) 100vw, 2560px\" \/><\/figure>\n\n\n\n<figure class=\"wp-block-embed is-type-video is-provider-youtube wp-block-embed-youtube wp-embed-aspect-16-9 wp-has-aspect-ratio\"><div class=\"wp-block-embed__wrapper\">\n<iframe loading=\"lazy\" title=\"R\u00e9veil Sierra\" width=\"950\" height=\"534\" src=\"https:\/\/www.youtube.com\/embed\/AhMxheA66Qw?feature=oembed\" frameborder=\"0\" allow=\"accelerometer; autoplay; clipboard-write; encrypted-media; gyroscope; picture-in-picture\" allowfullscreen><\/iframe>\n<\/div><\/figure>\n\n\n\n<p>Je doute sur ma journ\u00e9e : aller \u00e0 la Laguna Magdalena, couper \u00e0 travers la montagne et rejoindre la ville (25kms de marche) ou passer au mirador. Bon, la lagune c&rsquo;est \u00e0 20kms de la route principale ca risque d&rsquo;\u00eatre la merde d&rsquo;y aller et d&rsquo;en revenir. Traverser \u00e0 travers la montagne ca me chauffe bien mais il n&rsquo;y a rien \u00e0 manger sur la route et je n&rsquo;ai d\u00e9j\u00e0 quasi rien mang\u00e9 hier. Me reste le passage par le mirador. Qu&rsquo;\u00e0 cela ne tienne, on est partis !<\/p>\n\n\n\n<p>Je retrouve la route principale. Je tombe sur des lamas dans un champs sur le bord !<\/p>\n\n\n\n<figure class=\"wp-block-image\"><img decoding=\"async\" width=\"2560\" height=\"1440\" src=\"https:\/\/bivouhack.fr\/wp-content\/uploads\/2021\/12\/IMG_20211130_105944-scaled.jpg\" alt=\"\" class=\"wp-image-2604\" srcset=\"https:\/\/bivouhack.fr\/wp-content\/uploads\/2021\/12\/IMG_20211130_105944-scaled.jpg 2560w, https:\/\/bivouhack.fr\/wp-content\/uploads\/2021\/12\/IMG_20211130_105944-300x169.jpg 300w, https:\/\/bivouhack.fr\/wp-content\/uploads\/2021\/12\/IMG_20211130_105944-1024x576.jpg 1024w, https:\/\/bivouhack.fr\/wp-content\/uploads\/2021\/12\/IMG_20211130_105944-768x432.jpg 768w, https:\/\/bivouhack.fr\/wp-content\/uploads\/2021\/12\/IMG_20211130_105944-1536x864.jpg 1536w, https:\/\/bivouhack.fr\/wp-content\/uploads\/2021\/12\/IMG_20211130_105944-2048x1152.jpg 2048w, https:\/\/bivouhack.fr\/wp-content\/uploads\/2021\/12\/IMG_20211130_105944-2000x1125.jpg 2000w\" sizes=\"(max-width: 2560px) 100vw, 2560px\" \/><\/figure>\n\n\n\n<figure class=\"wp-block-image\"><img decoding=\"async\" width=\"2560\" height=\"1440\" src=\"https:\/\/bivouhack.fr\/wp-content\/uploads\/2021\/12\/IMG_20211130_110338-scaled.jpg\" alt=\"\" class=\"wp-image-2598\" srcset=\"https:\/\/bivouhack.fr\/wp-content\/uploads\/2021\/12\/IMG_20211130_110338-scaled.jpg 2560w, https:\/\/bivouhack.fr\/wp-content\/uploads\/2021\/12\/IMG_20211130_110338-300x169.jpg 300w, https:\/\/bivouhack.fr\/wp-content\/uploads\/2021\/12\/IMG_20211130_110338-1024x576.jpg 1024w, https:\/\/bivouhack.fr\/wp-content\/uploads\/2021\/12\/IMG_20211130_110338-768x432.jpg 768w, https:\/\/bivouhack.fr\/wp-content\/uploads\/2021\/12\/IMG_20211130_110338-1536x864.jpg 1536w, https:\/\/bivouhack.fr\/wp-content\/uploads\/2021\/12\/IMG_20211130_110338-2048x1152.jpg 2048w, https:\/\/bivouhack.fr\/wp-content\/uploads\/2021\/12\/IMG_20211130_110338-2000x1125.jpg 2000w\" sizes=\"(max-width: 2560px) 100vw, 2560px\" \/><\/figure>\n\n\n\n<p>En continuant, je vois des femmes tisser les habits traditionnels d&rsquo;ici. Une enfant me dit bonjour, je lui a ai d\u00e9j\u00e0 dit bonjour hier en passant. Je me permets de lui demander si je peux la regarder travailler\/si elle peut me montrer. Elle fait mine de pas comprendre. En fait je pense que c&rsquo;\u00e9tait une fa\u00e7on de dire non. Elle tisse une esp\u00e8ce de grande \u00e9charpe. Ces pi\u00e8ces sont utilis\u00e9es pour s&rsquo;y enrouler dedans quand il faut froid ou se les mettre sur la t\u00eate pour prot\u00e9ger du soleil. Fil par fil, \u00e7a \u00e0 l&rsquo;air sacr\u00e9ment long. Elle me dit mettre environ 1 mois pour tisser une pi\u00e8ce. Wow, sacr\u00e9 travail. Je lui demande sans trop y croire si je peux la prendre en photo, l\u00e0 le non est franc et direct. Je la remercie tout de m\u00eame et lui souhaite une bonne journ\u00e9e.<\/p>\n\n\n\n<p>Je n&rsquo;aime pas prendre les gens en photos mais des fois je me dit que je me restreints s\u00fbrement trop et que certains seraient content de me montrer leur travail autant que je le serais d&rsquo;en avoir un souvenir photographique. Bon, l\u00e0 n&rsquo;\u00e9tait pas le bon exemple.<\/p>\n\n\n\n<p>Quand il faut r\u00e9cup\u00e9rer des sous il y a du monde mais quand il faut montrer sa culture c&rsquo;est la disparition. Bien dommage. <\/p>\n\n\n\n<figure class=\"wp-block-image\"><img decoding=\"async\" width=\"2560\" height=\"1440\" src=\"https:\/\/bivouhack.fr\/wp-content\/uploads\/2021\/12\/IMG_20211130_111625-scaled.jpg\" alt=\"\" class=\"wp-image-2602\" srcset=\"https:\/\/bivouhack.fr\/wp-content\/uploads\/2021\/12\/IMG_20211130_111625-scaled.jpg 2560w, https:\/\/bivouhack.fr\/wp-content\/uploads\/2021\/12\/IMG_20211130_111625-300x169.jpg 300w, https:\/\/bivouhack.fr\/wp-content\/uploads\/2021\/12\/IMG_20211130_111625-1024x576.jpg 1024w, https:\/\/bivouhack.fr\/wp-content\/uploads\/2021\/12\/IMG_20211130_111625-768x432.jpg 768w, https:\/\/bivouhack.fr\/wp-content\/uploads\/2021\/12\/IMG_20211130_111625-1536x864.jpg 1536w, https:\/\/bivouhack.fr\/wp-content\/uploads\/2021\/12\/IMG_20211130_111625-2048x1152.jpg 2048w, https:\/\/bivouhack.fr\/wp-content\/uploads\/2021\/12\/IMG_20211130_111625-2000x1125.jpg 2000w\" sizes=\"(max-width: 2560px) 100vw, 2560px\" \/><figcaption>Ici toute la famille habite dans la m\u00eame maison, ainsi certaines sont plut\u00f4t grandes ! <\/figcaption><\/figure>\n\n\n\n<p>En m&rsquo;\u00e9loignant je vois aussi la mentalit\u00e9 changer. Alors qu&rsquo;on r\u00e9pondait (ou pas) rapidement \u00e0 mes bonjour, plus je m&rsquo;\u00e9loigne plus les gens me r\u00e9pondent. Je discute m\u00eame 5 minutes avec un groupe d&rsquo;hommes qui partent au travail. Des gens se retournent en me voyant et appellent leur pote, me disent bonjour. <\/p>\n\n\n\n<p>Je marche. Je marche. Je marche. J&rsquo;adore cette Sierra, c&rsquo;est absolument magnifique. Les immenses champs, les grands espaces, les moutons, la couleur verte des champs sublim\u00e9e par la lumi\u00e8re orang\u00e9e du soleil. <\/p>\n\n\n\n<p>Apr\u00e8s 20kms de marche, j&rsquo;arrive bient\u00f4t au mirador. Je tombe sur un restaurant qui propose du mouton au barbecue ! Allez hop, me voil\u00e0 devant une assiette. Pour une fois c&rsquo;est bien rempli. En riz et en salade surtout, la viande il faut la chercher sur l&rsquo;os, m\u00eame si elle est tr\u00e8s bonne. J&rsquo;aime beaucoup le mouton. <\/p>\n\n\n\n<p>J&rsquo;arrive au mirador. On a une superbe vue sur toute la pleine et la ville de Huehuetenango, malgr\u00e9 le brouillard qui emp\u00eache de tout voir. Il y a aussi un chalet abandonn\u00e9. Il est vraiment beau comme \u00e7a. Il n&rsquo;est que 15h30 mais avec la lumi\u00e8re de ce soleil on a l&rsquo;impression toute la journ\u00e9e que c&rsquo;est le coucher de soleil.<\/p>\n\n\n\n<figure class=\"wp-block-image\"><img decoding=\"async\" width=\"2560\" height=\"1440\" src=\"https:\/\/bivouhack.fr\/wp-content\/uploads\/2021\/12\/IMG_20211130_152633-scaled.jpg\" alt=\"\" class=\"wp-image-2600\" srcset=\"https:\/\/bivouhack.fr\/wp-content\/uploads\/2021\/12\/IMG_20211130_152633-scaled.jpg 2560w, https:\/\/bivouhack.fr\/wp-content\/uploads\/2021\/12\/IMG_20211130_152633-300x169.jpg 300w, https:\/\/bivouhack.fr\/wp-content\/uploads\/2021\/12\/IMG_20211130_152633-1024x576.jpg 1024w, https:\/\/bivouhack.fr\/wp-content\/uploads\/2021\/12\/IMG_20211130_152633-768x432.jpg 768w, https:\/\/bivouhack.fr\/wp-content\/uploads\/2021\/12\/IMG_20211130_152633-1536x864.jpg 1536w, https:\/\/bivouhack.fr\/wp-content\/uploads\/2021\/12\/IMG_20211130_152633-2048x1152.jpg 2048w, https:\/\/bivouhack.fr\/wp-content\/uploads\/2021\/12\/IMG_20211130_152633-2000x1125.jpg 2000w\" sizes=\"(max-width: 2560px) 100vw, 2560px\" \/><\/figure>\n\n\n\n<figure class=\"wp-block-image\"><img decoding=\"async\" width=\"2560\" height=\"1440\" src=\"https:\/\/bivouhack.fr\/wp-content\/uploads\/2021\/12\/IMG_20211130_152652-scaled.jpg\" alt=\"\" class=\"wp-image-2595\" srcset=\"https:\/\/bivouhack.fr\/wp-content\/uploads\/2021\/12\/IMG_20211130_152652-scaled.jpg 2560w, https:\/\/bivouhack.fr\/wp-content\/uploads\/2021\/12\/IMG_20211130_152652-300x169.jpg 300w, https:\/\/bivouhack.fr\/wp-content\/uploads\/2021\/12\/IMG_20211130_152652-1024x576.jpg 1024w, https:\/\/bivouhack.fr\/wp-content\/uploads\/2021\/12\/IMG_20211130_152652-768x432.jpg 768w, https:\/\/bivouhack.fr\/wp-content\/uploads\/2021\/12\/IMG_20211130_152652-1536x864.jpg 1536w, https:\/\/bivouhack.fr\/wp-content\/uploads\/2021\/12\/IMG_20211130_152652-2048x1152.jpg 2048w, https:\/\/bivouhack.fr\/wp-content\/uploads\/2021\/12\/IMG_20211130_152652-2000x1125.jpg 2000w\" sizes=\"(max-width: 2560px) 100vw, 2560px\" \/><\/figure>\n\n\n\n<figure class=\"wp-block-image size-large\"><img decoding=\"async\" width=\"2560\" height=\"1916\" src=\"https:\/\/bivouhack.fr\/wp-content\/uploads\/2021\/12\/IMG_20211130_162132-scaled.jpg\" alt=\"\" class=\"wp-image-2603\" srcset=\"https:\/\/bivouhack.fr\/wp-content\/uploads\/2021\/12\/IMG_20211130_162132-scaled.jpg 2560w, https:\/\/bivouhack.fr\/wp-content\/uploads\/2021\/12\/IMG_20211130_162132-300x225.jpg 300w\" sizes=\"(max-width: 2560px) 100vw, 2560px\" \/><\/figure>\n\n\n\n<p>Je regarde sur internet, Google me donne le coucher de soleil \u00e0 17h30. Ma main me dit 18h30. \u00c0 quoi faire confiance ? \u00c0 17h il reste clairement plus d&rsquo;une heure de soleil. Un \u00e9norme nuage arrive, le froid avec. Si je reste encore (alors que je suis fatigu\u00e9 et que j&rsquo;ai froid) je risque juste de voir le soleil se cacher derri\u00e8re les nuages. Tant pis, je rentre. Je vois donc le coucher de soleil dans la descente et la je comprend mon erreur : Google avait raison, ma main aussi. Le truc c&rsquo;est que le mirador est \u00e0 1200m \u00e0 dessus de la ville, le soleil s&rsquo;y couche alors 1h plus tard.<\/p>\n\n\n\n<blockquote class=\"wp-block-quote is-layout-flow wp-block-quote-is-layout-flow\"><p>(La technique de la main : tendre son bras main face \u00e0 soit, poser son petit doigt sur l&rsquo;horizon, chaque doigt entre l&rsquo;horizon et le soleil donne 15minutes de soleil. Une main de 4 doigts donne ainsi 1h.)<\/p><\/blockquote>\n\n\n\n<p>Je rentre en bus et m&rsquo;ach\u00e8te du chocolat et du pain. Je rentre chez mon CS de la derni\u00e8re fois et mange \u00e7a. Ma douche me fait du bien. J&rsquo;\u00e9cris. Je fait le bilan de ces 10 derniers jours \u00e0 chaud. <\/p>\n\n\n\n<h2 class=\"wp-block-heading\">Bilan du Huehuetenango :<\/h2>\n\n\n\n<p>&#8211; Les gens sont pauvres mais ne travaillent pas forc\u00e9ment beaucoup. Ou du moins ils disent qu&rsquo;il n&rsquo;y a pas de travail, ce qui est vrai dans la campagne. Mais ce n&rsquo;est pas pour autant qu&rsquo;il vont aller ailleurs en trouver. Pour eux leur culture et leur famille est bien plus importante. Ils ne \u00ab\u00a0peuvent pas partir\u00a0\u00bb puisqu&rsquo;ils sont \u00ab\u00a0n\u00e9s ici\u00a0\u00bb et leur culture y est aussi. Ils y sont tr\u00e8s attach\u00e9s. On m&rsquo;a fait la remarque qu&rsquo;en France c&rsquo;est facile parce qu&rsquo;on \u00ab\u00a0est riches\u00a0\u00bb. C&rsquo;est vrai, en France (en tant que pays) on a de l&rsquo;argent \u00e0 ne pas savoir qu&rsquo;en faire. Cependant il ne faut pas oublier que nos langues se meurent, que nos campagnes se vident contrairement \u00e0 ici. Il ne faut pas oublier que si mes a\u00efeux ne s&rsquo;\u00e9taient pas rapproch\u00e9s de la ville, je serais fermier au fin fond du Cantal ou de la Pologne et non ing\u00e9nieur en m\u00e9canique a\u00e9ronautique. Chaque pays et culture prend le chemin qui lui sied le mieux. Il n&rsquo;y en a pas un mieux que l&rsquo;autre, mais on ne peux pas tout avoir. Le Guatemala ne peux pas devenir un pays riche s&rsquo;il ne forme pas ses citoyens \u00e0 l&rsquo;universit\u00e9, la France ne peut pas perdurer ses traditions et ses langues si tout le monde part pour la ville. Les richesses de chacun sont alors diff\u00e9rentes, la culture ou le d\u00e9veloppement. Toujours dans le m\u00eame registre, ils ne cherchent pas non plus \u00e0 gagner de l&rsquo;argent d&rsquo;une autre mani\u00e8re que leur a\u00efeux. Typiquement la cascade de San Pedro Saloma en est un bon exemple : une cascade de plus de 100m de haut, une richesse naturelle folle \u00e0 3,5kms de la ville et les gens de la ville ne la connaissent pas ! Et ils ne la mon\u00e9tise encore moins! Alors que ce serait un bon moyen de ramener du tourisme, des clients \u00e0 l&rsquo;h\u00f4tel, au restaurant, au taxis, de faire payer l&rsquo;entr\u00e9e. Mais \u00e7a n&rsquo;est pas dans leurs habitudes. Ils ont un moule dans lequel ils sont depuis 2000 ans et duquel ils ne sortent pas.<\/p>\n\n\n\n<p>&#8211; Je ne sais pas pourquoi mais dans ma t\u00eate les espagnols avaient tu\u00e9s tout le monde pendant la conqu\u00eate, il ne restait rien de ces peuples. En r\u00e9alit\u00e9s ils sont bien toujours l\u00e0, au fond du Huehuetenango et dans tout le Guatemala. Il y a 30 langues au Guatemala, qui sont utilis\u00e9es tous les jours. Les enfants les apprennent \u00e0 l&rsquo;\u00e9cole comme les maths ou l&rsquo;histoire. Des gens ne parlent m\u00eame pas espagnol ! Je pensais \u00e9galement le temps des missionnaires termin\u00e9 mais non. Comme je l&rsquo;expliquais dans un autre article, ils apprennent aux peuples \u00e0 prier et honorer dieu \u00ab\u00a0de la bonne fa\u00e7on\u00a0\u00bb parce qu&rsquo;ici \u00ab\u00a0ils ne prient pas toujours en accord avec la bible\u00a0\u00bb. J&rsquo;avoue que je trouve \u00e7a un peu choquant, m\u00eame si leur id\u00e9e n&rsquo;est pas de remplacer leurs croyances de bases mais de les m\u00e9langer.<\/p>\n\n\n\n<p>&#8211; Outre la zone de Todos Santos, les gens sont super gentils. On vient me parler, on m&rsquo;invite, on me prend en stop. Les gens sont adorables et rendent service autant qu&rsquo;ils peuvent. Ils sont super agr\u00e9ables ! Apr\u00e8s bien s\u00fbr il y a des endroits o\u00f9 les gens sont bien plus m\u00e9fiants et moins cools.<\/p>\n\n\n\n<p>&#8211; Je ne sais pas jusqu&rsquo;\u00e0 quel \u00e2ge l&rsquo;\u00e9cole est obligatoire, je n&rsquo;ai pas pens\u00e9 \u00e0 le demander. C&rsquo;est dommage. Beaucoup n&rsquo;ont que tr\u00e8s peu d&rsquo;\u00e9ducation scolaire. Lorsque je dis que je vient de France, on me demande si c&rsquo;est loin depuis les USA. Mais la France c&rsquo;est pas les USA c&rsquo;est l&rsquo;Europe. Quand je dis la France on me dit \u00ab\u00a0oui oui\u00a0\u00bb mais quand je montre la carte sur Maps on la regarde avec attention. \u00c0 chaque fois on me demande quelle langue on parle en France et si notre monnaie c&rsquo;est bien le dollars. Pour eux le seul pays qui existe en dehors de l&rsquo;Am\u00e9rique Centrale ce sont les USA. J&rsquo;avoue que des fois c&rsquo;est un peu relou qu&rsquo;on me prenne tout le temps pour un \u00e9tats-unien, d&rsquo;autant qu&rsquo;ils n&rsquo;ont pas forc\u00e9ment bonne r\u00e9putation. <\/p>\n\n\n\n<p>&#8211; Je n&rsquo;ai jamais vu de pr\u00e9servatifs ici, je pense qu&rsquo;ils n&rsquo;utilisent pas de moyen de contraception, c&rsquo;est pourquoi ils sont mari\u00e9s \u00e0 20 ans. Ils n&rsquo;ont qu&rsquo;un amour, la femme tombe rapidement enceinte, ils se marient et passent leur vie ensemble. \u00c0 chaque fois on m&rsquo;a demand\u00e9 si j&rsquo;avais une famille, si j&rsquo;\u00e9tais mari\u00e9. Ceci \u00e9tant dit, ils sont tellement gentils, tellement dans l&rsquo;acceptation, que \u00e7a ne doit pas si mal se passer que \u00e7a. D&rsquo;autant que les hommes travaillent d&rsquo;un c\u00f4t\u00e9 (au champ, conducteur de poid lourd) et les femmes au village (avec les enfants, un magasin, un \u00ab\u00a0restaurant\u00a0\u00bb). <\/p>\n\n\n\n<p>&#8211; Niveau nourriture, ils mangent beaucoup de ma\u00efs et de haricots rouges, ce qu&rsquo;ils produisent. La nourriture de rue se limite \u00e0 du poulet frit avec des frites. En voyage c&rsquo;est bien bon 3-4 jours mais apr\u00e8s bon&#8230;<\/p>\n\n\n\n<p>&#8211; Ils ne sont pas tr\u00e8s grands, entre 1m50 et 1m60 pour les hommes. Leurs racines indig\u00e8nes sont encore ici. <\/p>\n\n\n\n<p>&#8211; En tout cas j&rsquo;ai ador\u00e9 cette partie de mon voyage, elle \u00e9tait vraiment \u00ab\u00a0authentique\u00a0\u00bb. Il n&rsquo;y a pas de touristes apr\u00e8s la Laguna Brava, et m\u00eame ici peut d&rsquo;\u00e9trangers. Je n&rsquo;en ai pas crois\u00e9s de tout mon tour d&rsquo;ailleurs. \u00c0 certains moments, \u00e0 partir de la Laguna Brava principalement, j&rsquo;avais vraiment l&rsquo;impression d&rsquo;\u00eatre dans un reportage, c&rsquo;\u00e9tait assez ouf.<\/p>\n\n\n\n<p>&#8211; On me demande souvent si je viens prendre des photos. Mais non, je viens d&rsquo;abord voir des choses et vivre des choses ! Un voyage quoi ! Apr\u00e8s les photos c&rsquo;est des souvenirs ! Apr\u00e8s j&rsquo;ai l&rsquo;impression que les Guatemalt\u00e8ques qui voyagent, un peu comme les Mexicains, pour certains il viennent, ils prennent en photo et ils repartent sans m\u00eame avoir regard\u00e9. Au Mexique c&rsquo;\u00e9tait parfois vraiment choquant. <\/p>\n\n\n\n<p>Avec le recul, j&rsquo;ai v\u00e9cu l\u00e0 un truc assez dingue quand m\u00eame. Mais m\u00eame de mani\u00e8re g\u00e9n\u00e9rale, ce voyage est g\u00e9nial. J&rsquo;ai l&rsquo;impression de vivre et d&rsquo;apprendre en quelques jours autant qu&rsquo;en quelques mois en France. J&rsquo;ai vu certaines choses chez moi changer entre le d\u00e9but et la fin de mon tour de la r\u00e9gion. C&rsquo;est \u00e0 dire en 10jours. C&rsquo;est compl\u00e8tement insens\u00e9. \u00catre au contact direct et tous les jours avec des gens qui n&rsquo;ont pas du tout la m\u00eame culture fait prendre \u00e9norm\u00e9ment de recul, se poser \u00e9norm\u00e9ment de questions, comprendre beaucoup de choses. La nature d&rsquo;ici est \u00e9galement compl\u00e8tement ouf. Tout va si vite dans ce voyage. J&rsquo;ai \u00e0 peine finis cette r\u00e9gion que d\u00e9j\u00e0 certains moments sont des bons souvenirs \u00e0 l&rsquo;\u00e9criture des diff\u00e9rents articles. \u00c7a me fait penser \u00e0 une chanson de Lonepsi &#8211; Ce que je vis me manque d\u00e9j\u00e0. <\/p>\n\n\n\n<p>Bilan : 102 qtz soit 11\u20ac60<\/p>\n","protected":false},"excerpt":{"rendered":"<p>Je me r\u00e9veil vers 5h, il est t\u00f4t, je me rendors. Je me l\u00e8ve finalement \u00e0 8h30 quand le soleil commence \u00e0 taper sur la tente. Bilan de la nuit : aucune sensation de froid mais j&rsquo;\u00e9tais moins \u00e0 l&rsquo;aise qu&rsquo;\u00e0 l&rsquo;accoutum\u00e9e car vraiment avec juste les yeux le nez et la bouche qui sortent. &hellip; <\/p>\n<p class=\"link-more\"><a href=\"https:\/\/bivouhack.fr\/index.php\/2021\/12\/09\/le-voyage-de-marty-le-mirador-jour89\/\" class=\"more-link\">Lire la suite de<span class=\"screen-reader-text\">\u00ab\u00a0Le voyage de Marty, Le Mirador #jour89\u00a0\u00bb<\/span><\/a><\/p>\n","protected":false},"author":6,"featured_media":2604,"comment_status":"open","ping_status":"open","sticky":false,"template":"","format":"standard","meta":{"footnotes":""},"categories":[5],"tags":[43,39,50],"class_list":["post-2256","post","type-post","status-publish","format-standard","has-post-thumbnail","hentry","category-voyage-marty","tag-guatemala","tag-huehuetenango","tag-sierra-de-los-cuchumatanes"],"aioseo_notices":[],"_links":{"self":[{"href":"https:\/\/bivouhack.fr\/index.php\/wp-json\/wp\/v2\/posts\/2256","targetHints":{"allow":["GET"]}}],"collection":[{"href":"https:\/\/bivouhack.fr\/index.php\/wp-json\/wp\/v2\/posts"}],"about":[{"href":"https:\/\/bivouhack.fr\/index.php\/wp-json\/wp\/v2\/types\/post"}],"author":[{"embeddable":true,"href":"https:\/\/bivouhack.fr\/index.php\/wp-json\/wp\/v2\/users\/6"}],"replies":[{"embeddable":true,"href":"https:\/\/bivouhack.fr\/index.php\/wp-json\/wp\/v2\/comments?post=2256"}],"version-history":[{"count":10,"href":"https:\/\/bivouhack.fr\/index.php\/wp-json\/wp\/v2\/posts\/2256\/revisions"}],"predecessor-version":[{"id":3254,"href":"https:\/\/bivouhack.fr\/index.php\/wp-json\/wp\/v2\/posts\/2256\/revisions\/3254"}],"wp:featuredmedia":[{"embeddable":true,"href":"https:\/\/bivouhack.fr\/index.php\/wp-json\/wp\/v2\/media\/2604"}],"wp:attachment":[{"href":"https:\/\/bivouhack.fr\/index.php\/wp-json\/wp\/v2\/media?parent=2256"}],"wp:term":[{"taxonomy":"category","embeddable":true,"href":"https:\/\/bivouhack.fr\/index.php\/wp-json\/wp\/v2\/categories?post=2256"},{"taxonomy":"post_tag","embeddable":true,"href":"https:\/\/bivouhack.fr\/index.php\/wp-json\/wp\/v2\/tags?post=2256"}],"curies":[{"name":"wp","href":"https:\/\/api.w.org\/{rel}","templated":true}]}}