{"id":6438,"date":"2022-07-11T17:06:48","date_gmt":"2022-07-11T15:06:48","guid":{"rendered":"https:\/\/bivouhack.fr\/?p=6438"},"modified":"2022-07-11T17:06:49","modified_gmt":"2022-07-11T15:06:49","slug":"bolivie-selon-fletan-00-dernier-mot-avant-de-partir","status":"publish","type":"post","link":"https:\/\/bivouhack.fr\/index.php\/2022\/07\/11\/bolivie-selon-fletan-00-dernier-mot-avant-de-partir\/","title":{"rendered":"Bolivie selon Fl\u00e9tan #00 : dernier mot avant de partir"},"content":{"rendered":"\n<p>Et voil\u00e0, premier article de ce grand voyage vers la Bolivie ! Ca ait a peu pr\u00e8s un mois que je me pr\u00e9pare. A l&rsquo;heure o\u00f9 j&rsquo;\u00e9cris ces lignes, j&rsquo;ai finis de faire mon sac et je suis fin pr\u00eat !<\/p>\n\n\n\n<p>Comme j&rsquo;ai un peu de temps, je pensais juste \u00e9crire un tout petit article sur mes derniers jours avant de partir.<\/p>\n\n\n\n<p>Mercredi 6 juillet. Avec mon p\u00e8re et mon fr\u00e8re, on avait pr\u00e9vu de faire l&rsquo;ascension du Mont-Blanc depuis plusieurs mois, le week end du 3 juillet. Les r\u00e9servations \u00e9taient faites et on s&rsquo;\u00e9tait m\u00eame entra\u00een\u00e9s un petit peu. Mais finalement, ledit week end, un orage nous a contraint \u00e0 annuler la sortie au dernier moment : l&rsquo;ascension allait \u00eatre impossible. <\/p>\n\n\n\n<p>Mais finalement, il me restais un peu de temps sur place et on a r\u00e9ussit \u00e0 tenter l&rsquo;ascension ce mercredi. Mais sur un autre itin\u00e9raire, notamment parce que nous n&rsquo;avions plus de r\u00e9servation en refuge. Nous avons donc du le faire en un jour.<\/p>\n\n\n\n<p>Nous avons fait l&rsquo;itin\u00e9raire de <a href=\"https:\/\/www.montagnes-magazine.com\/actus-topo-5-voies-mont-blanc-les-3-monts\">la travers\u00e9e des 3 Monts<\/a> pour relier le sommet de l&rsquo;Aiguille du Midi au sommet du Mont-Blanc. C&rsquo;\u00e9tait beau, mais qu&rsquo;est-ce qu&rsquo;on en a chi\u00e9 !!! Je vous laisse quelques photos.<\/p>\n\n\n\n<figure class=\"wp-block-gallery has-nested-images columns-default is-cropped wp-block-gallery-1 is-layout-flex wp-block-gallery-is-layout-flex\">\n<figure class=\"wp-block-image size-large\"><a href=\"https:\/\/bivouhack.fr\/wp-content\/uploads\/2022\/07\/wp-1657550977694.jpg\"><img decoding=\"async\" width=\"1920\" height=\"933\" data-id=\"6442\" src=\"https:\/\/bivouhack.fr\/wp-content\/uploads\/2022\/07\/wp-1657550977694.jpg\" alt=\"\" class=\"wp-image-6442\" srcset=\"https:\/\/bivouhack.fr\/wp-content\/uploads\/2022\/07\/wp-1657550977694.jpg 1920w, https:\/\/bivouhack.fr\/wp-content\/uploads\/2022\/07\/wp-1657550977694-300x146.jpg 300w, https:\/\/bivouhack.fr\/wp-content\/uploads\/2022\/07\/wp-1657550977694-1024x498.jpg 1024w, https:\/\/bivouhack.fr\/wp-content\/uploads\/2022\/07\/wp-1657550977694-768x373.jpg 768w, https:\/\/bivouhack.fr\/wp-content\/uploads\/2022\/07\/wp-1657550977694-1536x746.jpg 1536w\" sizes=\"(max-width: 1920px) 100vw, 1920px\" \/><\/a><figcaption>Il fallait au moins une photo au sommet, sinon personne ne nous croit.<\/figcaption><\/figure>\n\n\n\n<figure class=\"wp-block-image size-large\"><a href=\"https:\/\/bivouhack.fr\/wp-content\/uploads\/2022\/07\/wp-1657551693287.jpg\"><img decoding=\"async\" width=\"934\" height=\"1920\" data-id=\"6445\" src=\"https:\/\/bivouhack.fr\/wp-content\/uploads\/2022\/07\/wp-1657551693287.jpg\" alt=\"\" class=\"wp-image-6445\" srcset=\"https:\/\/bivouhack.fr\/wp-content\/uploads\/2022\/07\/wp-1657551693287.jpg 934w, https:\/\/bivouhack.fr\/wp-content\/uploads\/2022\/07\/wp-1657551693287-146x300.jpg 146w, https:\/\/bivouhack.fr\/wp-content\/uploads\/2022\/07\/wp-1657551693287-498x1024.jpg 498w, https:\/\/bivouhack.fr\/wp-content\/uploads\/2022\/07\/wp-1657551693287-768x1579.jpg 768w, https:\/\/bivouhack.fr\/wp-content\/uploads\/2022\/07\/wp-1657551693287-747x1536.jpg 747w\" sizes=\"(max-width: 934px) 100vw, 934px\" \/><\/a><figcaption>L&rsquo;arr\u00eat de l&rsquo;Aiguille du Midi dans la brume<\/figcaption><\/figure>\n\n\n\n<figure class=\"wp-block-image size-large\"><a href=\"https:\/\/bivouhack.fr\/wp-content\/uploads\/2022\/07\/wp-1657551693340.jpg\"><img decoding=\"async\" width=\"1920\" height=\"934\" data-id=\"6444\" src=\"https:\/\/bivouhack.fr\/wp-content\/uploads\/2022\/07\/wp-1657551693340.jpg\" alt=\"\" class=\"wp-image-6444\" srcset=\"https:\/\/bivouhack.fr\/wp-content\/uploads\/2022\/07\/wp-1657551693340.jpg 1920w, https:\/\/bivouhack.fr\/wp-content\/uploads\/2022\/07\/wp-1657551693340-300x146.jpg 300w, https:\/\/bivouhack.fr\/wp-content\/uploads\/2022\/07\/wp-1657551693340-1024x498.jpg 1024w, https:\/\/bivouhack.fr\/wp-content\/uploads\/2022\/07\/wp-1657551693340-768x374.jpg 768w, https:\/\/bivouhack.fr\/wp-content\/uploads\/2022\/07\/wp-1657551693340-1536x747.jpg 1536w\" sizes=\"(max-width: 1920px) 100vw, 1920px\" \/><\/a><figcaption>rando entre les s\u00e9racs<\/figcaption><\/figure>\n\n\n\n<figure class=\"wp-block-image size-large\"><a href=\"https:\/\/bivouhack.fr\/wp-content\/uploads\/2022\/07\/wp-1657551693321.jpg\"><img decoding=\"async\" width=\"1920\" height=\"934\" data-id=\"6443\" src=\"https:\/\/bivouhack.fr\/wp-content\/uploads\/2022\/07\/wp-1657551693321.jpg\" alt=\"\" class=\"wp-image-6443\" srcset=\"https:\/\/bivouhack.fr\/wp-content\/uploads\/2022\/07\/wp-1657551693321.jpg 1920w, https:\/\/bivouhack.fr\/wp-content\/uploads\/2022\/07\/wp-1657551693321-300x146.jpg 300w, https:\/\/bivouhack.fr\/wp-content\/uploads\/2022\/07\/wp-1657551693321-1024x498.jpg 1024w, https:\/\/bivouhack.fr\/wp-content\/uploads\/2022\/07\/wp-1657551693321-768x374.jpg 768w, https:\/\/bivouhack.fr\/wp-content\/uploads\/2022\/07\/wp-1657551693321-1536x747.jpg 1536w\" sizes=\"(max-width: 1920px) 100vw, 1920px\" \/><\/a><figcaption>J&rsquo;en chie, tu en chies, il en chie&#8230;<\/figcaption><\/figure>\n<\/figure>\n\n\n\n<p>M\u00eame si cette ascension peut donner l&rsquo;impression d&rsquo;avoir \u00e9t\u00e9 faite \u00e0 l&rsquo;arrache d&rsquo;apr\u00e8s mon t\u00e9moignage, je tiens \u00e0 pr\u00e9ciser quelques trucs importants qui font que ce n&rsquo;est pas trop dangereux :<\/p>\n\n\n\n<ul class=\"wp-block-list\"><li>V\u00e9rifier la m\u00e9t\u00e9o de la montagne, par exemple avec <a href=\"https:\/\/chamonix-meteo.com\/chamonix-mont-blanc\/meteo\/prevision\/matin\/previ_meteo_5_jours.php\">Chamonix m\u00e9t\u00e9o<\/a>.<\/li><li>Appeler un guide de haute montagne pour s&rsquo;assurer que la voie n&rsquo;est pas trop dangereuse en ce moment.<\/li><li>S&rsquo;assurer qu&rsquo;on a les connaissances et le mat\u00e9riel n\u00e9cessaires pour la voie (savoir faire un rappel dans notre cas).<\/li><li>Partir avec quelqu&rsquo;un d&rsquo;exp\u00e9riment\u00e9.<\/li><\/ul>\n\n\n\n<p>Jeudi 7 juillet : direction Paris en covoiturage. Je suis encore bien fatigu\u00e9 de la veille, mais aussi bien content de partir. J&rsquo;ai peur de choper le covid avant de prendre l&rsquo;avion, je porte un masque FFP2 pendant tout le trajet, c&rsquo;est tr\u00e8s chiant avec les lunettes.<\/p>\n\n\n\n<p>Vendredi 8 Juillet. Je passe presque toute la journ\u00e9e en ville. Il me reste quelques courses \u00e0 faire et c&rsquo;est l&rsquo;occasion de visiter un peu Paris. Qu&rsquo;est-ce qu&rsquo;il y a comme monde ! S&rsquo;en est oppressant. Mais en m\u00eame temps, la ville est fascinante : tellement de d\u00e9tails partout \u00e0 observer : ici une galerie technique est en travaux, l\u00e0 une plaque qui indique un r\u00e8glement de compte pendant la guerre, ou l\u00e0 les travaux de Notre-Dame qui avancent sous une muraille d\u2019\u00e9chafaudages. Je vais voir une exposition sur les Incas au Trocad\u00e9ro pour me mettre un peu dans l&rsquo;ambiance. Soir\u00e9e avec Fran\u00e7ois et des coll\u00e8gues \u00e0 lui.<\/p>\n\n\n\n<p>Samedi 9 juillet. Je retrouve Corentin, un camarade de Chine. On se rend compte qu&rsquo;on a rencontr\u00e9 des probl\u00e8mes assez similaires dans notre orientation et il arrive vraiment bien \u00e0 mettre les mots dessus. Ca fait un an que je ne l&rsquo;avait pas vu. Je me dis que c&rsquo;est cool de voir quelqu&rsquo;un r\u00e9guli\u00e8rement mais rarement : on se voit \u00e9voluer sur des voies diff\u00e9rentes et c&rsquo;est super int\u00e9ressant.<\/p>\n\n\n\n<p>Dimanche 10 juillet. Je ne pouvait pas partir sans faire une petite descente dans les carri\u00e8res. On descend avec Fran\u00e7ois et qu&rsquo;est-ce que c&rsquo;est bien ! Ce silence, ce calme&#8230; J&rsquo;ai l&rsquo;impression que sous terre c&rsquo;est le seul endroit o\u00f9 on peut ressentir \u00e7a. J&rsquo;aimerais me mettre \u00e0 la sp\u00e9l\u00e9o un jour. En plus avec Fran\u00e7ois, on n&rsquo;est pas stress\u00e9s par les profondeurs alors on se permet assez facilement de se perdre un peu ou de passer par des endroit peut usit\u00e9s&#8230; Je vous laisse en juger par les photos.<\/p>\n\n\n\n<figure class=\"wp-block-gallery has-nested-images columns-default is-cropped wp-block-gallery-2 is-layout-flex wp-block-gallery-is-layout-flex\">\n<figure class=\"wp-block-image size-large\"><a href=\"https:\/\/bivouhack.fr\/wp-content\/uploads\/2022\/07\/wp-16575509752742747905696777449313.jpg\"><img decoding=\"async\" width=\"933\" height=\"1920\" data-id=\"6440\" src=\"https:\/\/bivouhack.fr\/wp-content\/uploads\/2022\/07\/wp-16575509752742747905696777449313.jpg\" alt=\"\" class=\"wp-image-6440\" srcset=\"https:\/\/bivouhack.fr\/wp-content\/uploads\/2022\/07\/wp-16575509752742747905696777449313.jpg 933w, https:\/\/bivouhack.fr\/wp-content\/uploads\/2022\/07\/wp-16575509752742747905696777449313-146x300.jpg 146w, https:\/\/bivouhack.fr\/wp-content\/uploads\/2022\/07\/wp-16575509752742747905696777449313-498x1024.jpg 498w, https:\/\/bivouhack.fr\/wp-content\/uploads\/2022\/07\/wp-16575509752742747905696777449313-768x1580.jpg 768w, https:\/\/bivouhack.fr\/wp-content\/uploads\/2022\/07\/wp-16575509752742747905696777449313-746x1536.jpg 746w\" sizes=\"(max-width: 933px) 100vw, 933px\" \/><\/a><figcaption>J&rsquo;avoue, je l&rsquo;ai regard\u00e9 de haut.<\/figcaption><\/figure>\n\n\n\n<figure class=\"wp-block-image size-large\"><a href=\"https:\/\/bivouhack.fr\/wp-content\/uploads\/2022\/07\/wp-16575509760945484903299949396064.jpg\"><img decoding=\"async\" width=\"933\" height=\"1920\" data-id=\"6439\" src=\"https:\/\/bivouhack.fr\/wp-content\/uploads\/2022\/07\/wp-16575509760945484903299949396064.jpg\" alt=\"\" class=\"wp-image-6439\" srcset=\"https:\/\/bivouhack.fr\/wp-content\/uploads\/2022\/07\/wp-16575509760945484903299949396064.jpg 933w, https:\/\/bivouhack.fr\/wp-content\/uploads\/2022\/07\/wp-16575509760945484903299949396064-146x300.jpg 146w, https:\/\/bivouhack.fr\/wp-content\/uploads\/2022\/07\/wp-16575509760945484903299949396064-498x1024.jpg 498w, https:\/\/bivouhack.fr\/wp-content\/uploads\/2022\/07\/wp-16575509760945484903299949396064-768x1580.jpg 768w, https:\/\/bivouhack.fr\/wp-content\/uploads\/2022\/07\/wp-16575509760945484903299949396064-746x1536.jpg 746w\" sizes=\"(max-width: 933px) 100vw, 933px\" \/><\/a><figcaption>Dans la m&#8230; l&rsquo;eau jusqu&rsquo;au cou !<\/figcaption><\/figure>\n<\/figure>\n\n\n\n<p>Lundi 11 juillet. Faire un peu de m\u00e9nage, les derniers pr\u00e9paratifs, l&rsquo;article, et surtout bien se reposer avant le grand d\u00e9part. Wouhou !!!<\/p>\n","protected":false},"excerpt":{"rendered":"<p>Et voil\u00e0, premier article de ce grand voyage vers la Bolivie ! Ca ait a peu pr\u00e8s un mois que je me pr\u00e9pare. A l&rsquo;heure o\u00f9 j&rsquo;\u00e9cris ces lignes, j&rsquo;ai finis de faire mon sac et je suis fin pr\u00eat ! Comme j&rsquo;ai un peu de temps, je pensais juste \u00e9crire un tout petit article &hellip; <\/p>\n<p class=\"link-more\"><a href=\"https:\/\/bivouhack.fr\/index.php\/2022\/07\/11\/bolivie-selon-fletan-00-dernier-mot-avant-de-partir\/\" class=\"more-link\">Lire la suite de<span class=\"screen-reader-text\">\u00ab\u00a0Bolivie selon Fl\u00e9tan #00 : dernier mot avant de partir\u00a0\u00bb<\/span><\/a><\/p>\n","protected":false},"author":1,"featured_media":6439,"comment_status":"open","ping_status":"open","sticky":false,"template":"","format":"standard","meta":{"footnotes":""},"categories":[102],"tags":[],"class_list":["post-6438","post","type-post","status-publish","format-standard","has-post-thumbnail","hentry","category-bolivouhack"],"aioseo_notices":[],"_links":{"self":[{"href":"https:\/\/bivouhack.fr\/index.php\/wp-json\/wp\/v2\/posts\/6438","targetHints":{"allow":["GET"]}}],"collection":[{"href":"https:\/\/bivouhack.fr\/index.php\/wp-json\/wp\/v2\/posts"}],"about":[{"href":"https:\/\/bivouhack.fr\/index.php\/wp-json\/wp\/v2\/types\/post"}],"author":[{"embeddable":true,"href":"https:\/\/bivouhack.fr\/index.php\/wp-json\/wp\/v2\/users\/1"}],"replies":[{"embeddable":true,"href":"https:\/\/bivouhack.fr\/index.php\/wp-json\/wp\/v2\/comments?post=6438"}],"version-history":[{"count":1,"href":"https:\/\/bivouhack.fr\/index.php\/wp-json\/wp\/v2\/posts\/6438\/revisions"}],"predecessor-version":[{"id":6446,"href":"https:\/\/bivouhack.fr\/index.php\/wp-json\/wp\/v2\/posts\/6438\/revisions\/6446"}],"wp:featuredmedia":[{"embeddable":true,"href":"https:\/\/bivouhack.fr\/index.php\/wp-json\/wp\/v2\/media\/6439"}],"wp:attachment":[{"href":"https:\/\/bivouhack.fr\/index.php\/wp-json\/wp\/v2\/media?parent=6438"}],"wp:term":[{"taxonomy":"category","embeddable":true,"href":"https:\/\/bivouhack.fr\/index.php\/wp-json\/wp\/v2\/categories?post=6438"},{"taxonomy":"post_tag","embeddable":true,"href":"https:\/\/bivouhack.fr\/index.php\/wp-json\/wp\/v2\/tags?post=6438"}],"curies":[{"name":"wp","href":"https:\/\/api.w.org\/{rel}","templated":true}]}}