{"id":6448,"date":"2022-07-11T22:06:37","date_gmt":"2022-07-11T20:06:37","guid":{"rendered":"https:\/\/bivouhack.fr\/?p=6448"},"modified":"2022-07-23T15:47:27","modified_gmt":"2022-07-23T13:47:27","slug":"un-weekend-dans-la-capitale-europeenne-de-la-coutellerie","status":"publish","type":"post","link":"https:\/\/bivouhack.fr\/index.php\/2022\/07\/11\/un-weekend-dans-la-capitale-europeenne-de-la-coutellerie\/","title":{"rendered":"Un weekend dans la capitale europ\u00e9enne de la coutellerie"},"content":{"rendered":"\n<p>Salut, me revoilou.<\/p>\n\n\n\n<p>Le weekend dernier, je suis all\u00e9 avec Lise dans le c\u0153ur battant de la France d\u2019aujourd\u2019hui, Thiers, dans le Puy-de-D\u00f4me, pour profiter d\u2019un festival de music gratuit, la Pamparina. Quand c\u2019est pas cher, c\u2019est pas mal.<\/p>\n\n\n\n<p>Me voici ainsi venu dans le pays des volcans, et des couteaux artisanaux, des papis casquette qui roulent mal et des verbes bucoliques comme \u00ab&nbsp;sagouiller&nbsp;\u00bb, que l\u2019on peut utiliser dans des phrases telles que \u00ab&nbsp;Ah, je t\u2019ai bien sagouill\u00e9 la gueule&nbsp;\u00bb.<\/p>\n\n\n\n<p>Thiers, c\u2019est pas d\u00e9gueu, m\u00eame si \u00e7a a v\u00e9cu des jours meilleurs. On y acc\u00e8de par des routes excessivement larges s\u00fbrement dessin\u00e9es par des urbanistes bourr\u00e9s. J\u2019y ai conduit pour la premi\u00e8re fois sur des routes aussi pentues qu\u2019angoissantes.<\/p>\n\n\n\n<p>La ville est perch\u00e9e sur une colline. Ancien fort celte, puis m\u00e9rovingien, puis m\u00e9di\u00e9val, l\u2019architecture est fort charmante, malgr\u00e9 des coins qui semblent un peu tomber en ruine. Sans tourisme et sans plus d\u2019industrie, le bourg n\u2019est plus bien riche. On d\u00e9ambule dans de charmantes petites rues pentues bord\u00e9es de maisons \u00e0 colombage, de coutelleries ou de rideaux baiss\u00e9s, parce que le commerce se casse la gueule. <\/p>\n\n\n\n<p>Mais les jours de Pamparina, la ville s\u2019\u00e9gaye. Il y a des food trucks, des baraques \u00e0 frites et \u00e0 churros, un stand de rugbymen qui chantent une bi\u00e8re \u00e0 la main des chansons fran\u00e7aises de qualit\u00e9 \u00ab&nbsp;Quand tu m\u2019appelles au t\u00e9l\u00e9phone je te r\u00e9ponds saucisse&nbsp;!&nbsp;\u00bb, et plein de gens partout. Entre deux hordes de fanfaristes exalt\u00e9s, on d\u00e9bouche sur les sc\u00e8nes o\u00f9 se produisent les vrais musiciens \u2013 m\u00eame si les fanflures \u00e9taient tout de m\u00eame pas mal, je le conc\u00e8de.<\/p>\n\n\n\n<figure class=\"wp-block-image aligncenter size-large\"><img decoding=\"async\" src=\"https:\/\/img.lamontagne.fr\/8f-yZWan2iW9ZR51Z66IUreuPoUaGDU_odJhU1TuMpo\/fit\/657\/438\/sm\/0\/bG9jYWw6Ly8vMDAvMDAvMDUvMTIvNTAvMjAwMDAwNTEyNTA2Mg.jpg\" alt=\"\"\/><figcaption>Thiers. On dirait Osgiliath, dans le Seigneur des Anneaux.<\/figcaption><\/figure>\n\n\n\n<p>Au menu musical, trois jours de gros sons forts divers. A noter, tr\u00e8s peu de techno, car toute la techno \u00e9tait gentiment rel\u00e9gu\u00e9e dans \u00ab&nbsp;La salle du fond&nbsp;\u00bb, une sc\u00e8ne coinc\u00e9e entre des b\u00e2timents hauts, s\u00fbrement pour y cloisonner les apprentis raveurs. Mais beaucoup de choses. Citons&nbsp;:<\/p>\n\n\n\n<ul class=\"wp-block-list\"><li>La chanson fran\u00e7aise de d\u00e9prim\u00e9, tr\u00e8s r\u00e9p\u00e9titif dans ce registre, mais hyper ambian\u00e7ant quand il s\u2019y met. Je recommande chaudement son remix \u00e9lectro de Brassens. Attention, tr\u00e8s tr\u00e8s lourd.<\/li><\/ul>\n\n\n\n<figure class=\"wp-block-embed is-type-video is-provider-youtube wp-block-embed-youtube wp-embed-aspect-16-9 wp-has-aspect-ratio\"><div class=\"wp-block-embed__wrapper\">\n<iframe loading=\"lazy\" title=\"THE DOUG - LA MAUVAISE R\u00c9PUTATION (Clip Officiel)\" width=\"950\" height=\"534\" src=\"https:\/\/www.youtube.com\/embed\/bywRU2tt0Ug?feature=oembed\" frameborder=\"0\" allow=\"accelerometer; autoplay; clipboard-write; encrypted-media; gyroscope; picture-in-picture\" allowfullscreen><\/iframe>\n<\/div><\/figure>\n\n\n\n<ul class=\"wp-block-list\"><li>Le rap engag\u00e9 m\u00eame si on comprend pas tout, avec Illustre. J\u2019ai juste retenu son refrain \u00ab&nbsp;Tu t\u2019es mis dans la merde yeah yeah yeah&nbsp;YEAH \u00bb, r\u00e9p\u00e9t\u00e9 quinze fois.<\/li><li>Des guitaristes ultra bal\u00e8zes et bg, qui font un genre de m\u00e9lange flamenco et techno en instrumental only&nbsp;: Opal Ocean. Blaireau devrait aimer.<\/li><li>Un groupe de reprise de Sting et rien d\u2019autre.<\/li><li>Les groupes du premier soir. Je les ai oubli\u00e9s car je me suis endormi comme une merde sous un abribus. Au d\u00e9but, je faisais des tours \u00e0 pied pour pas m\u2019endormir puis j\u2019ai flanch\u00e9. Lise dit que \u00e7a s\u2019appelait Kimberose et que c\u2019\u00e9tait chouette.<\/li><\/ul>\n\n\n\n<figure class=\"wp-block-image aligncenter size-large is-resized\"><a href=\"https:\/\/bivouhack.fr\/wp-content\/uploads\/2022\/07\/292214496_1107126886546771_4750991955153255979_n.jpg\"><img decoding=\"async\" src=\"https:\/\/bivouhack.fr\/wp-content\/uploads\/2022\/07\/292214496_1107126886546771_4750991955153255979_n-762x1024.jpg\" alt=\"\" class=\"wp-image-6450\" width=\"536\" height=\"721\" srcset=\"https:\/\/bivouhack.fr\/wp-content\/uploads\/2022\/07\/292214496_1107126886546771_4750991955153255979_n-762x1024.jpg 762w, https:\/\/bivouhack.fr\/wp-content\/uploads\/2022\/07\/292214496_1107126886546771_4750991955153255979_n-223x300.jpg 223w, https:\/\/bivouhack.fr\/wp-content\/uploads\/2022\/07\/292214496_1107126886546771_4750991955153255979_n-768x1032.jpg 768w, https:\/\/bivouhack.fr\/wp-content\/uploads\/2022\/07\/292214496_1107126886546771_4750991955153255979_n-1143x1536.jpg 1143w, https:\/\/bivouhack.fr\/wp-content\/uploads\/2022\/07\/292214496_1107126886546771_4750991955153255979_n.jpg 1488w\" sizes=\"(max-width: 536px) 100vw, 536px\" \/><\/a><figcaption>Le premier soir. Photo de Lise car je dormais non loin.<\/figcaption><\/figure>\n\n\n\n<ul class=\"wp-block-list\"><li>Un duo qui fait de l\u2019\u00e9lectro (j\u2019y connais rien en genre musical) qui nous a mis on fire. Non seulement \u00e7a ambiance de fou, mais en plus ils ont des sons assez dr\u00f4les, notamment Masculine (paroles oubli\u00e9es) et \u00ab&nbsp;Les enfants sont des enfoir\u00e9s&nbsp;\u00bb, surtout quand le chanteur a prononc\u00e9 ces mots en fixant un gosse.<\/li><\/ul>\n\n\n\n<figure class=\"wp-block-image aligncenter size-large is-resized\"><a href=\"https:\/\/bivouhack.fr\/wp-content\/uploads\/2022\/07\/signal-2022-07-11-215156_005.jpeg\"><img decoding=\"async\" src=\"https:\/\/bivouhack.fr\/wp-content\/uploads\/2022\/07\/signal-2022-07-11-215156_005-1024x768.jpeg\" alt=\"\" class=\"wp-image-6451\" width=\"661\" height=\"496\" srcset=\"https:\/\/bivouhack.fr\/wp-content\/uploads\/2022\/07\/signal-2022-07-11-215156_005-1024x768.jpeg 1024w, https:\/\/bivouhack.fr\/wp-content\/uploads\/2022\/07\/signal-2022-07-11-215156_005-300x225.jpeg 300w, https:\/\/bivouhack.fr\/wp-content\/uploads\/2022\/07\/signal-2022-07-11-215156_005-768x576.jpeg 768w, https:\/\/bivouhack.fr\/wp-content\/uploads\/2022\/07\/signal-2022-07-11-215156_005-1536x1152.jpeg 1536w, https:\/\/bivouhack.fr\/wp-content\/uploads\/2022\/07\/signal-2022-07-11-215156_005.jpeg 1920w\" sizes=\"(max-width: 661px) 100vw, 661px\" \/><\/a><figcaption>Du assez lourd<\/figcaption><\/figure>\n\n\n\n<ul class=\"wp-block-list\"><li>Et pour terminer, les Flying Tractors, un groupe de rock agricole qui d\u00e9pote tes r\u00e9coltes. Ils ont propos\u00e9 un show de fou avec des tubes tels que Sur le parking du Lidl, D\u00e9f\u00e8que news (nouvel album, courez dans les fnac), un morceau de \u00ab&nbsp;metal musette&nbsp;\u00bb, et J\u2019aime labourer bourr\u00e9, que je recommande chaudement pour les soir\u00e9es du Bivouhack.<\/li><\/ul>\n\n\n\n<figure class=\"wp-block-embed is-type-video is-provider-youtube wp-block-embed-youtube wp-embed-aspect-4-3 wp-has-aspect-ratio\"><div class=\"wp-block-embed__wrapper\">\n<iframe loading=\"lazy\" title=\"J&#039;aime labourer bourr\u00e9\" width=\"950\" height=\"713\" src=\"https:\/\/www.youtube.com\/embed\/2UBxPYzyoUU?feature=oembed\" frameborder=\"0\" allow=\"accelerometer; autoplay; clipboard-write; encrypted-media; gyroscope; picture-in-picture\" allowfullscreen><\/iframe>\n<\/div><\/figure>\n\n\n\n<p>L\u2019ambiance est tr\u00e8s agr\u00e9able, tr\u00e8s familiale. Pas de gros pogos, mais plut\u00f4t des vieux dont le dos n\u2019est plus tr\u00e8s droit qui baragouinent, enflamm\u00e9s, de l\u2019anglais en r\u00e9ponse aux australiens d\u2019Opal Ocean, et des mioches dansant comme des raveurs devant les fanfares.<\/p>\n\n\n\n<figure class=\"wp-block-image aligncenter size-large is-resized\"><a href=\"https:\/\/bivouhack.fr\/wp-content\/uploads\/2022\/07\/signal-2022-07-11-215156_002.jpeg\"><img decoding=\"async\" src=\"https:\/\/bivouhack.fr\/wp-content\/uploads\/2022\/07\/signal-2022-07-11-215156_002-1024x768.jpeg\" alt=\"\" class=\"wp-image-6449\" width=\"567\" height=\"425\" srcset=\"https:\/\/bivouhack.fr\/wp-content\/uploads\/2022\/07\/signal-2022-07-11-215156_002-1024x768.jpeg 1024w, https:\/\/bivouhack.fr\/wp-content\/uploads\/2022\/07\/signal-2022-07-11-215156_002-300x225.jpeg 300w, https:\/\/bivouhack.fr\/wp-content\/uploads\/2022\/07\/signal-2022-07-11-215156_002-768x576.jpeg 768w, https:\/\/bivouhack.fr\/wp-content\/uploads\/2022\/07\/signal-2022-07-11-215156_002-1536x1152.jpeg 1536w, https:\/\/bivouhack.fr\/wp-content\/uploads\/2022\/07\/signal-2022-07-11-215156_002.jpeg 1920w\" sizes=\"(max-width: 567px) 100vw, 567px\" \/><\/a><\/figure>\n\n\n\n<p>J\u2019ai fait tout ce festival avec Lise et sa famille, compos\u00e9e d\u2019une s\u0153ur et de parents enseignants qui ont mis France inter sur tous les boutons de l\u2019autoradio. Ils s\u2019arr\u00eataient tous les cinq pas pour discuter avec un parent d\u2019\u00e9l\u00e8ve\/coll\u00e8gue\/ancien ou actuel \u00e9l\u00e8ve. Lise croisait r\u00e9guli\u00e8rement d\u2019anciens camarades du lyc\u00e9e, notamment ceux qu\u2019on connaissait mais qu\u2019on aimait pas plus que \u00e7a et auxquels on reparle quand m\u00eame un peu du coup.<\/p>\n\n\n\n<p>En bref, une bonne exp\u00e9rience pas ch\u00e8re. Avec Lise, on esp\u00e8re que Thiers vivra de jours meilleurs et de futures Pamparina. Ce serait chouette qu\u2019une jolie petite ville avec une longue histoire et plein de charmes ne sombre pas dans les ravages de la d\u00e9sindustrialisation, de la 8.6 et de la m\u00e9tropolisation.<\/p>\n\n\n\n<figure class=\"wp-block-image aligncenter size-large is-resized\"><img decoding=\"async\" src=\"https:\/\/img.lamontagne.fr\/ll6LNhengHU_NmYbdKlMwqRUnFOxqrRxvr6MhJOP6bM\/fit\/657\/438\/sm\/0\/bG9jYWw6Ly8vMDAvMDAvMDUvMTMvMzkvMjAwMDAwNTEzMzk4OQ.jpg\" alt=\"\" width=\"657\" height=\"437\"\/><figcaption>La vall\u00e9e des usines de Thiers. Y en a plus trop d&rsquo;ouvertes.<\/figcaption><\/figure>\n\n\n\n<p>Allez, courage Thiers. Ils font des couteaux vraiment beaux, bien plus que les Opinel (noob).<\/p>\n\n\n\n<figure class=\"wp-block-image aligncenter size-large is-resized\"><img decoding=\"async\" src=\"https:\/\/www.coutellerie-chambriard.com\/wp-content\/uploads\/2019\/10\/le-mi-jo-img-a-la-une.png\" alt=\"\" width=\"258\" height=\"468\"\/><\/figure>\n","protected":false},"excerpt":{"rendered":"<p>Salut, me revoilou. Le weekend dernier, je suis all\u00e9 avec Lise dans le c\u0153ur battant de la France d\u2019aujourd\u2019hui, Thiers, dans le Puy-de-D\u00f4me, pour profiter d\u2019un festival de music gratuit, la Pamparina. Quand c\u2019est pas cher, c\u2019est pas mal. Me voici ainsi venu dans le pays des volcans, et des couteaux artisanaux, des papis casquette &hellip; <\/p>\n<p class=\"link-more\"><a href=\"https:\/\/bivouhack.fr\/index.php\/2022\/07\/11\/un-weekend-dans-la-capitale-europeenne-de-la-coutellerie\/\" class=\"more-link\">Lire la suite de<span class=\"screen-reader-text\">\u00ab\u00a0Un weekend dans la capitale europ\u00e9enne de la coutellerie\u00a0\u00bb<\/span><\/a><\/p>\n","protected":false},"author":9,"featured_media":6449,"comment_status":"open","ping_status":"open","sticky":false,"template":"","format":"standard","meta":{"footnotes":""},"categories":[74],"tags":[103,104],"class_list":["post-6448","post","type-post","status-publish","format-standard","has-post-thumbnail","hentry","category-cancrelat-raconte-sa-vie-autres","tag-auvergne","tag-thiers"],"aioseo_notices":[],"_links":{"self":[{"href":"https:\/\/bivouhack.fr\/index.php\/wp-json\/wp\/v2\/posts\/6448","targetHints":{"allow":["GET"]}}],"collection":[{"href":"https:\/\/bivouhack.fr\/index.php\/wp-json\/wp\/v2\/posts"}],"about":[{"href":"https:\/\/bivouhack.fr\/index.php\/wp-json\/wp\/v2\/types\/post"}],"author":[{"embeddable":true,"href":"https:\/\/bivouhack.fr\/index.php\/wp-json\/wp\/v2\/users\/9"}],"replies":[{"embeddable":true,"href":"https:\/\/bivouhack.fr\/index.php\/wp-json\/wp\/v2\/comments?post=6448"}],"version-history":[{"count":2,"href":"https:\/\/bivouhack.fr\/index.php\/wp-json\/wp\/v2\/posts\/6448\/revisions"}],"predecessor-version":[{"id":6466,"href":"https:\/\/bivouhack.fr\/index.php\/wp-json\/wp\/v2\/posts\/6448\/revisions\/6466"}],"wp:featuredmedia":[{"embeddable":true,"href":"https:\/\/bivouhack.fr\/index.php\/wp-json\/wp\/v2\/media\/6449"}],"wp:attachment":[{"href":"https:\/\/bivouhack.fr\/index.php\/wp-json\/wp\/v2\/media?parent=6448"}],"wp:term":[{"taxonomy":"category","embeddable":true,"href":"https:\/\/bivouhack.fr\/index.php\/wp-json\/wp\/v2\/categories?post=6448"},{"taxonomy":"post_tag","embeddable":true,"href":"https:\/\/bivouhack.fr\/index.php\/wp-json\/wp\/v2\/tags?post=6448"}],"curies":[{"name":"wp","href":"https:\/\/api.w.org\/{rel}","templated":true}]}}