{"id":6478,"date":"2022-07-15T02:38:43","date_gmt":"2022-07-15T00:38:43","guid":{"rendered":"https:\/\/bivouhack.fr\/?p=6478"},"modified":"2022-07-23T23:46:26","modified_gmt":"2022-07-23T21:46:26","slug":"la-bolivie-selon-fletan-02-enfin-arrive","status":"publish","type":"post","link":"https:\/\/bivouhack.fr\/index.php\/2022\/07\/15\/la-bolivie-selon-fletan-02-enfin-arrive\/","title":{"rendered":"La Bolivie selon Fletan #02 : enfin arriv\u00e9"},"content":{"rendered":"\n<p>Bon ben d\u00e9sol\u00e9 mais la connexion est pourrave ici et je n&rsquo;arrive pas \u00e0 t\u00e9l\u00e9verser mes photos pour illustrer cet article. J&rsquo;essaierais de les mettre plus tard. C&rsquo;est fait !<\/p>\n\n\n\n<p>Mardi 13 juillet 2022. On atterit \u00e0 La Paz vers 4h40 je crois. Il faut froid et j&rsquo;aurais bien aim\u00e9 dormir plus, mais bon tant pis. Il y a plein de trucs \u00e0 la con \u00e0 l&rsquo;immigration Bolivienne. D&rsquo;abord, le visa ne dure que 30 jours donc il faut le renouveller au bout d&rsquo;un mois. Ensuite, on a 48h pour renseigner une adresse de r\u00e9sidence aux autorit\u00e9s. Enfin, il faut faire un formulaire \u00e0 la con pour dire qu&rsquo;on a rien \u00e0 declarer \u00e0 la douane. Apr\u00e8s, \u00e7a va, on a le time. D&rsquo;ailleurs, une fois dans le hall de l&rsquo;a\u00e9roport, on change de l&rsquo;argent et j&rsquo;ach\u00e8te une sim. Je me suis peut-\u00eatre fait arnaquer sur ce coup l\u00e0 d&rsquo;ailleurs parce que Guillaume en a choper une beaucoup moin cher dans la rue, reste \u00e0 voir si elle marche bien&#8230; Je vous tiendrais au courant ici.<\/p>\n\n\n\n<p>Pui petit \u00e0 petit, l&rsquo;aube arrive et nous sortons. Premi\u00e8re impression, les taxis ne sont pas casse couille, il suffit de leur dire une fois qu&rsquo;on est pas int\u00e9ress\u00e9 et ils nous foutent la paix. C&rsquo;est agr\u00e9able ! Les rues moins poussi\u00e9reuses qu&rsquo;\u00e0 Lima aussi. L&rsquo;a\u00e9roport est dans la ville de El Alto. C&rsquo;est tr\u00e8s vivant d\u00e8s le matin. On mange chacun un petit pain avec un jus de quinoa, c&rsquo;est tr\u00e8s bon et nourrissant.<\/p>\n\n\n\n<p>Pendant que Guillaume gal\u00e8re pour acheter sa carte sim, je traine dans un immense march\u00e9. Il est super grand, j&rsquo;ai jamais vu \u00e7a. Ce sont des \u00e9tales dans la rues, souvent tenus par des femmes. D&rsquo;ailleurs, il y a beaucoup de femmes en habits traditionnels ici. Elles semblent b\u00e2ties sur un mod\u00e8le unique, 1m40*1m je dirais. Mais j&rsquo;ai l&rsquo;impression que c&rsquo;est le costume qui donne cette impression qu&rsquo;elles se ressemble toutes. Sinon, par rapport \u00e0 Lima, j&rsquo;ai l&rsquo;impression que les gens ici sont moins ouverts \u00e0 la discussion. Ils sont un peu plus distants peut \u00eatre, mais il est trop t\u00f4t pour faire des g\u00e9n\u00e9ralit\u00e9s.<\/p>\n\n\n\n<figure class=\"wp-block-image\"><img decoding=\"async\" width=\"1920\" height=\"933\" src=\"https:\/\/bivouhack.fr\/wp-content\/uploads\/2022\/07\/20220713_082411-1.jpg\" alt=\"\" class=\"wp-image-6737\" srcset=\"https:\/\/bivouhack.fr\/wp-content\/uploads\/2022\/07\/20220713_082411-1.jpg 1920w, https:\/\/bivouhack.fr\/wp-content\/uploads\/2022\/07\/20220713_082411-1-300x146.jpg 300w, https:\/\/bivouhack.fr\/wp-content\/uploads\/2022\/07\/20220713_082411-1-1024x498.jpg 1024w, https:\/\/bivouhack.fr\/wp-content\/uploads\/2022\/07\/20220713_082411-1-768x373.jpg 768w, https:\/\/bivouhack.fr\/wp-content\/uploads\/2022\/07\/20220713_082411-1-1536x746.jpg 1536w\" sizes=\"(max-width: 1920px) 100vw, 1920px\" \/><figcaption>Le march\u00e9 infini<\/figcaption><\/figure>\n\n\n\n<figure class=\"wp-block-gallery has-nested-images columns-default is-cropped wp-block-gallery-1 is-layout-flex wp-block-gallery-is-layout-flex\">\n<figure class=\"wp-block-image size-large\"><img decoding=\"async\" width=\"1920\" height=\"933\" data-id=\"6736\" src=\"https:\/\/bivouhack.fr\/wp-content\/uploads\/2022\/07\/20220713_082731.jpg\" alt=\"\" class=\"wp-image-6736\" srcset=\"https:\/\/bivouhack.fr\/wp-content\/uploads\/2022\/07\/20220713_082731.jpg 1920w, https:\/\/bivouhack.fr\/wp-content\/uploads\/2022\/07\/20220713_082731-300x146.jpg 300w, https:\/\/bivouhack.fr\/wp-content\/uploads\/2022\/07\/20220713_082731-1024x498.jpg 1024w, https:\/\/bivouhack.fr\/wp-content\/uploads\/2022\/07\/20220713_082731-768x373.jpg 768w, https:\/\/bivouhack.fr\/wp-content\/uploads\/2022\/07\/20220713_082731-1536x746.jpg 1536w\" sizes=\"(max-width: 1920px) 100vw, 1920px\" \/><\/figure>\n<\/figure>\n\n\n\n<p>Je vois des belles peluches de Lama blanches sur certains \u00e9tales. C&rsquo;est mignon, mais c&rsquo;est bizarre, on est vraiment pas dans un march\u00e9 touristique&#8230; Je regarde de plus pr\u00eat : ce sont des b\u00e9b\u00e9s lamas s\u00e9ch\u00e9s ! \u00c9tonnant. D&rsquo;apr\u00e8s Wikip\u00e9dia, les foetus de lama sont portes bonheur dans la culture Aymara.<\/p>\n\n\n\n<figure class=\"wp-block-image size-large\"><img decoding=\"async\" width=\"1280\" height=\"960\" src=\"https:\/\/bivouhack.fr\/wp-content\/uploads\/2022\/07\/wp-1658612534297.jpg\" alt=\"\" class=\"wp-image-6738\" srcset=\"https:\/\/bivouhack.fr\/wp-content\/uploads\/2022\/07\/wp-1658612534297.jpg 1280w, https:\/\/bivouhack.fr\/wp-content\/uploads\/2022\/07\/wp-1658612534297-300x225.jpg 300w, https:\/\/bivouhack.fr\/wp-content\/uploads\/2022\/07\/wp-1658612534297-1024x768.jpg 1024w, https:\/\/bivouhack.fr\/wp-content\/uploads\/2022\/07\/wp-1658612534297-768x576.jpg 768w\" sizes=\"(max-width: 1280px) 100vw, 1280px\" \/><figcaption>Ceux que j&rsquo;ai vu \u00e9taient moins moches mais j&rsquo;ai pas os\u00e9 les prendre en photo<\/figcaption><\/figure>\n\n\n\n<p>Apr\u00e8s \u00e7a, on d\u00e9cide de descendre \u00e0 La Paz, m\u00eame si les gens nous disent qu&rsquo;il y a une station de bus \u00e0 El Alto. Alors pourquoi descendre ? Et bien pour empreinter le syst\u00e8me de transports en commun de La Paz : le t\u00e9l\u00e9ph\u00e9rique !<\/p>\n\n\n\n<figure class=\"wp-block-gallery has-nested-images columns-default is-cropped wp-block-gallery-2 is-layout-flex wp-block-gallery-is-layout-flex\">\n<figure class=\"wp-block-image\"><img decoding=\"async\" width=\"1920\" height=\"933\" data-id=\"6740\" src=\"https:\/\/bivouhack.fr\/wp-content\/uploads\/2022\/07\/20220713_084351.jpg\" alt=\"\" class=\"wp-image-6740\" srcset=\"https:\/\/bivouhack.fr\/wp-content\/uploads\/2022\/07\/20220713_084351.jpg 1920w, https:\/\/bivouhack.fr\/wp-content\/uploads\/2022\/07\/20220713_084351-300x146.jpg 300w, https:\/\/bivouhack.fr\/wp-content\/uploads\/2022\/07\/20220713_084351-1024x498.jpg 1024w, https:\/\/bivouhack.fr\/wp-content\/uploads\/2022\/07\/20220713_084351-768x373.jpg 768w, https:\/\/bivouhack.fr\/wp-content\/uploads\/2022\/07\/20220713_084351-1536x746.jpg 1536w\" sizes=\"(max-width: 1920px) 100vw, 1920px\" \/><figcaption>La Paz depuis le teleferico<\/figcaption><\/figure>\n<\/figure>\n\n\n\n<p>Une fois \u00e0 la gare routi\u00e8re, je prends des chaussons \u00e0 la viande et aux patates (salte\u00f1as ou empanadas, je ne sais pas encore faire la diff\u00e9rence). \u00c7a fera pour le voyage. Quel voyage ? Et bien on doit prendre la route pour les environs de Cochabamba o\u00f9 nous allons passer une dizaine de jours en WWOOFing, dans une ferme du doux nom de Mollesnejta.<\/p>\n\n\n\n<p>Une fois au terminal de La Paz, c&rsquo;est tr\u00e8s facile de trouver un bus pour Cochabamba, il y en a au moins un par heure. On prend le bus de 10h. Suprise : c&rsquo;est super confortable !! On arrive \u00e0 Mollesnejta le soir.<\/p>\n\n\n\n<p>Le petit plus pour l&rsquo;instant, c&rsquo;est la gourde \u00e0 filtre de Guillaume. Pas besoin de se faire chier \u00e0 acheter des bouteilles ou \u00e0 mettre des pastilles, c&rsquo;est tr\u00e8s pratique je dois dire.<\/p>\n","protected":false},"excerpt":{"rendered":"<p>Bon ben d\u00e9sol\u00e9 mais la connexion est pourrave ici et je n&rsquo;arrive pas \u00e0 t\u00e9l\u00e9verser mes photos pour illustrer cet article. J&rsquo;essaierais de les mettre plus tard. C&rsquo;est fait ! Mardi 13 juillet 2022. On atterit \u00e0 La Paz vers 4h40 je crois. Il faut froid et j&rsquo;aurais bien aim\u00e9 dormir plus, mais bon tant &hellip; <\/p>\n<p class=\"link-more\"><a href=\"https:\/\/bivouhack.fr\/index.php\/2022\/07\/15\/la-bolivie-selon-fletan-02-enfin-arrive\/\" class=\"more-link\">Lire la suite de<span class=\"screen-reader-text\">\u00ab\u00a0La Bolivie selon Fletan #02 : enfin arriv\u00e9\u00a0\u00bb<\/span><\/a><\/p>\n","protected":false},"author":1,"featured_media":6736,"comment_status":"open","ping_status":"open","sticky":false,"template":"","format":"standard","meta":{"footnotes":""},"categories":[102],"tags":[],"class_list":["post-6478","post","type-post","status-publish","format-standard","has-post-thumbnail","hentry","category-bolivouhack"],"aioseo_notices":[],"_links":{"self":[{"href":"https:\/\/bivouhack.fr\/index.php\/wp-json\/wp\/v2\/posts\/6478","targetHints":{"allow":["GET"]}}],"collection":[{"href":"https:\/\/bivouhack.fr\/index.php\/wp-json\/wp\/v2\/posts"}],"about":[{"href":"https:\/\/bivouhack.fr\/index.php\/wp-json\/wp\/v2\/types\/post"}],"author":[{"embeddable":true,"href":"https:\/\/bivouhack.fr\/index.php\/wp-json\/wp\/v2\/users\/1"}],"replies":[{"embeddable":true,"href":"https:\/\/bivouhack.fr\/index.php\/wp-json\/wp\/v2\/comments?post=6478"}],"version-history":[{"count":4,"href":"https:\/\/bivouhack.fr\/index.php\/wp-json\/wp\/v2\/posts\/6478\/revisions"}],"predecessor-version":[{"id":6741,"href":"https:\/\/bivouhack.fr\/index.php\/wp-json\/wp\/v2\/posts\/6478\/revisions\/6741"}],"wp:featuredmedia":[{"embeddable":true,"href":"https:\/\/bivouhack.fr\/index.php\/wp-json\/wp\/v2\/media\/6736"}],"wp:attachment":[{"href":"https:\/\/bivouhack.fr\/index.php\/wp-json\/wp\/v2\/media?parent=6478"}],"wp:term":[{"taxonomy":"category","embeddable":true,"href":"https:\/\/bivouhack.fr\/index.php\/wp-json\/wp\/v2\/categories?post=6478"},{"taxonomy":"post_tag","embeddable":true,"href":"https:\/\/bivouhack.fr\/index.php\/wp-json\/wp\/v2\/tags?post=6478"}],"curies":[{"name":"wp","href":"https:\/\/api.w.org\/{rel}","templated":true}]}}