{"id":8973,"date":"2023-04-23T23:09:36","date_gmt":"2023-04-23T21:09:36","guid":{"rendered":"https:\/\/bivouhack.fr\/?p=8973"},"modified":"2025-11-23T02:13:38","modified_gmt":"2025-11-23T01:13:38","slug":"le-bapteme-du-bivouhack","status":"publish","type":"post","link":"https:\/\/bivouhack.fr\/index.php\/2023\/04\/23\/le-bapteme-du-bivouhack\/","title":{"rendered":"Le bapt\u00eame du Bivouhack"},"content":{"rendered":"\n<p>En ce doux mois d&rsquo;Avril, l&rsquo;\u00e9quipe du Bivouhack rassembl\u00e9e \u00e0 Lyon avait besoin de se retrouver o\u00f9 elle se sait le plus \u00e0 l&rsquo;aise : dans les recoins les plus sombres et recul\u00e9s de la ville. Apr\u00e8s le recrutement d&rsquo;un mercenaire \u00e0 bas co\u00fbt, nos compagnons ont fait la d\u00e9couverte de l&rsquo;un des secrets de l&rsquo;antique capitale des Gaules. <\/p>\n\n\n\n<p>Entre \u00e9go\u00fbts profonds et mystiques chr\u00e9tiennes, le reportage suivant a \u00e9t\u00e9 film\u00e9. Ceci est leur histoire.<\/p>\n\n\n\n<p>Le son est un peu in\u00e9gal vu qu&rsquo;on devient discret. Je conseille d&rsquo;\u00e9couter la vid\u00e9o avec un casque pour un maximum d&rsquo;immersion dans l&rsquo;\u00e9glise.<\/p>\n\n\n\n<figure class=\"wp-block-embed is-type-video is-provider-youtube wp-block-embed-youtube wp-embed-aspect-16-9 wp-has-aspect-ratio\"><div class=\"wp-block-embed__wrapper\">\n<iframe loading=\"lazy\" title=\"Visite du Bivouhack \u00e0 l&#039;Eglise\" width=\"950\" height=\"534\" src=\"https:\/\/www.youtube.com\/embed\/fAgKWG7DotQ?feature=oembed\" frameborder=\"0\" allow=\"accelerometer; autoplay; clipboard-write; encrypted-media; gyroscope; picture-in-picture; web-share\" allowfullscreen><\/iframe>\n<\/div><\/figure>\n\n\n\n<p>D&rsquo;autres jolies (et moins jolies) choses ont \u00e9t\u00e9 vues par la suite, mais la cam\u00e9ra \u00e9tait \u00e0 court de batterie. <\/p>\n","protected":false},"excerpt":{"rendered":"<p>En ce doux mois d&rsquo;Avril, l&rsquo;\u00e9quipe du Bivouhack rassembl\u00e9e \u00e0 Lyon avait besoin de se retrouver o\u00f9 elle se sait le plus \u00e0 l&rsquo;aise : dans les recoins les plus sombres et recul\u00e9s de la ville. Apr\u00e8s le recrutement d&rsquo;un mercenaire \u00e0 bas co\u00fbt, nos compagnons ont fait la d\u00e9couverte de l&rsquo;un des secrets de &hellip; <\/p>\n<p class=\"link-more\"><a href=\"https:\/\/bivouhack.fr\/index.php\/2023\/04\/23\/le-bapteme-du-bivouhack\/\" class=\"more-link\">Lire la suite de<span class=\"screen-reader-text\">\u00ab\u00a0Le bapt\u00eame du Bivouhack\u00a0\u00bb<\/span><\/a><\/p>\n","protected":false},"author":9,"featured_media":8976,"comment_status":"open","ping_status":"open","sticky":false,"template":"","format":"standard","meta":{"footnotes":""},"categories":[11,74],"tags":[],"class_list":["post-8973","post","type-post","status-publish","format-standard","has-post-thumbnail","hentry","category-autres","category-cancrelat-raconte-sa-vie-autres"],"aioseo_notices":[],"_links":{"self":[{"href":"https:\/\/bivouhack.fr\/index.php\/wp-json\/wp\/v2\/posts\/8973","targetHints":{"allow":["GET"]}}],"collection":[{"href":"https:\/\/bivouhack.fr\/index.php\/wp-json\/wp\/v2\/posts"}],"about":[{"href":"https:\/\/bivouhack.fr\/index.php\/wp-json\/wp\/v2\/types\/post"}],"author":[{"embeddable":true,"href":"https:\/\/bivouhack.fr\/index.php\/wp-json\/wp\/v2\/users\/9"}],"replies":[{"embeddable":true,"href":"https:\/\/bivouhack.fr\/index.php\/wp-json\/wp\/v2\/comments?post=8973"}],"version-history":[{"count":3,"href":"https:\/\/bivouhack.fr\/index.php\/wp-json\/wp\/v2\/posts\/8973\/revisions"}],"predecessor-version":[{"id":8980,"href":"https:\/\/bivouhack.fr\/index.php\/wp-json\/wp\/v2\/posts\/8973\/revisions\/8980"}],"wp:featuredmedia":[{"embeddable":true,"href":"https:\/\/bivouhack.fr\/index.php\/wp-json\/wp\/v2\/media\/8976"}],"wp:attachment":[{"href":"https:\/\/bivouhack.fr\/index.php\/wp-json\/wp\/v2\/media?parent=8973"}],"wp:term":[{"taxonomy":"category","embeddable":true,"href":"https:\/\/bivouhack.fr\/index.php\/wp-json\/wp\/v2\/categories?post=8973"},{"taxonomy":"post_tag","embeddable":true,"href":"https:\/\/bivouhack.fr\/index.php\/wp-json\/wp\/v2\/tags?post=8973"}],"curies":[{"name":"wp","href":"https:\/\/api.w.org\/{rel}","templated":true}]}}