{"id":9498,"date":"2023-07-26T19:46:32","date_gmt":"2023-07-26T17:46:32","guid":{"rendered":"https:\/\/bivouhack.fr\/?p=9498"},"modified":"2025-10-22T23:26:53","modified_gmt":"2025-10-22T21:26:53","slug":"ovss-2-deutschland","status":"publish","type":"post","link":"https:\/\/bivouhack.fr\/index.php\/2023\/07\/26\/ovss-2-deutschland\/","title":{"rendered":"\u00d6vsS #2 &#8211; Deutschland"},"content":{"rendered":"\n<p>Halo !<br>C\u2019est parti, 2e petit pav\u00e9 pour vous raconter les premiers jours du voyage, consacr\u00e9s \u00e0 la travers\u00e9e jusqu\u2019\u00e0 Salzburg, la ville d\u2019Autriche o\u00f9 les Alpes d\u00e9marrent depuis l\u2019Est. Ce n\u2019est peut \u00eatre pas la partie la plus d\u00e9paysante, donc vous pouvez lire comme un manuel de math\u00e9matique un vendredi \u00e0 16h. C\u2019est \u00e0 dire avec la folle envie d\u2019aller au bar et de d\u00e9coller des bancs scolaires. Promis, je ne vous en tiendrez pas rigueur.<\/p>\n\n\n\n<p>Le 12 juillet n\u2019est pas une date \u00e0 retenir (contrairement au 22 \u2026mais pour cela il faudra lire la suite les enfants) pour les raisons suivantes :<br>On remonte de l\u2019Ard\u00e8che \u00e0 l\u2019Alsace via beaucoup, beaucoup, beaucoup d\u2019autoroute. Il y a donc des fous qui habitent au nord de Lyon sera ma r\u00e9flexion principale.<br>On traverse des vallons, et quelques villages (assez mignons, avec des devantures color\u00e9s), mais l\u2019ambiance du supermarch\u00e9 de campagne est glaciale. Les quelques personnes que je croise n\u2019ont pas envie de retourner mon sourire. Peut \u00eatre pas la campagne la plus accueillante de France.<br>On dort dans une for\u00eat o\u00f9 la chasse semble \u00eatre un bon sport local.<\/p>\n\n\n\n<figure class=\"wp-block-image size-full\"><a href=\"https:\/\/bivouhack.fr\/wp-content\/uploads\/2023\/07\/WhatsApp-Image-2023-07-26-at-18.47.252.jpeg\"><img decoding=\"async\" width=\"768\" height=\"1024\" src=\"https:\/\/bivouhack.fr\/wp-content\/uploads\/2023\/07\/WhatsApp-Image-2023-07-26-at-18.47.252.jpeg\" alt=\"\" class=\"wp-image-9499\" srcset=\"https:\/\/bivouhack.fr\/wp-content\/uploads\/2023\/07\/WhatsApp-Image-2023-07-26-at-18.47.252.jpeg 768w, https:\/\/bivouhack.fr\/wp-content\/uploads\/2023\/07\/WhatsApp-Image-2023-07-26-at-18.47.252-225x300.jpeg 225w\" sizes=\"(max-width: 768px) 100vw, 768px\" \/><\/a><figcaption class=\"wp-element-caption\">Une rue alsacienne typique par un temps atypique<\/figcaption><\/figure>\n\n\n\n<p>Le 13 juillet est un peu plus fameux.<br>Apr\u00e8s un passage express \u00e0 Mulhouse &#8211; La Fameuse (qui n\u2019est pas si horrible que \u00e7a \u2026les pharmaciens sont tr\u00e8s gentils, et \u00e7a sent le kebab), on quitte enfin la France, direction plein est.<\/p>\n\n\n\n<p>J\u2019avais tr\u00e8s envie de voir de mes propres yeux quelques bouts de ce pays qui ne m\u2019a jamais trop attir\u00e9 honn\u00eatement. Pour la simple raison que j\u2019ai beaucoup trop de clich\u00e9 dessus, comme tout les ignorants de ce monde.<\/p>\n\n\n\n<p>Il fut un temps o\u00f9 je c\u00f4toyais des gens assez fous pour faire allemand seconde langue \u2026 \u00e0 Toulouse. Et qui, telle une secte cherchant \u00e0 rallier des adeptes, passaient des heures \u00e0 vanter les louanges de la Bavi\u00e8re, de Munich ou de Berlin. Moi je ralais derri\u00e8re. J\u2019avais ma question fatale \u00ab\u00a0Mais y a pas de randonn\u00e9es ou de montagne en Allemagne, donc pourquoi aller vivre l\u00e0-bas ?\u00a0\u00bb <\/p>\n\n\n\n<p>Premi\u00e8re r\u00e9ponse des incultes : Bah, la bi\u00e8re est pas ch\u00e8re.<br>Deuxi\u00e8me r\u00e9ponse des vrais fanatiques toulousain option allemand : \u00ab Mais siiiiiiii, y a la for\u00eat noire !!!! \u00bb. Rho et puis zut, on va la voir votre for\u00eat.<\/p>\n\n\n\n<p>Effectivement c\u2019est une GROSSE for\u00eat. Imaginez des vallons remplis de pins qui jouent \u00e0 qui touchera le soleil le premier. Ces zones vierges sont coup\u00e9s par des routes, des villages et des magasins de voiture. Il y a au moins un vrai clich\u00e9 sur l\u2019Allemagne, on ne joue pas dans la m\u00eame cat\u00e9gorie pour les vroums vroums. Parce que c\u2019est pas dans la creuse qu\u2019on va trouver un magasin mercedes \u00e0 c\u00f4t\u00e9 d\u2019un Tesla hein. Bah dans la for\u00eat noire oui. Heureusement qu\u2019on a un vieux merco, \u00e7a nous int\u00e8gre dans le paysage un peu plus qu\u2019un Renault traffic d\u00e9j\u00e0.<br>Mais je m\u2019\u00e9gare, on longe donc des km et des km de pins, quelques grands lacs. Petit arr\u00eat pour faire une rapide randonn\u00e9e. On y rencontre plein de cr\u00e9atures \u00e9tranges : des pins fi\u00e8rement dress\u00e9s bien s\u00fbr, mais aussi des pins un peu moins debout, des b\u00fbcherons, des cabanes de chasseurs et des chalets-villa, des gazons tr\u00e8s bien entretenus, de la boue, des branches dans la gueule et des fils \u00e9lectriques un peu moins sympathiques parce qu\u2019on s\u2019est tromp\u00e9 de route.<\/p>\n\n\n\n<p>La sortie de la for\u00eat noire est assez brutale. Du plat et des champs \u00e0 perte de vue. Au loin, la chaine des Alpes suisse se dessine. L\u2019Autobahn file pleine balle vers Munich en longeant la Suisse. Je r\u00eave d\u2019\u00e9couter Autobahn d\u2019SCH \u00e9videmment, mais Grand Nounours est rest\u00e9 coll\u00e9 au rap 90s-00s. Je me rabat sur le paysage bucolique : 5 Tesla, 10 d\u00e9capotables, plein de Woslwagens, trop de mercedes, 1 jaguar, 0 Peugeot. L\u2019industrie automobile francaise se porte mal, moi j\u2019vous l\u2019dit.<\/p>\n\n\n\n<p>J\u2019apprend mes premiers mots allemands. \u00ab\u00a0Ich spreich kein Deutsch\u00a0\u00bb deviendra tr\u00e8s vite la phrase la plus utilis\u00e9e du voyage.<\/p>\n\n\n\n<figure class=\"wp-block-gallery has-nested-images columns-default is-cropped wp-block-gallery-1 is-layout-flex wp-block-gallery-is-layout-flex\">\n<figure class=\"wp-block-image size-large\"><a href=\"https:\/\/bivouhack.fr\/wp-content\/uploads\/2023\/07\/WhatsApp-Image-2023-07-26-at-18.47.26.jpeg\"><img decoding=\"async\" width=\"576\" height=\"1024\" data-id=\"9502\" src=\"https:\/\/bivouhack.fr\/wp-content\/uploads\/2023\/07\/WhatsApp-Image-2023-07-26-at-18.47.26.jpeg\" alt=\"\" class=\"wp-image-9502\" srcset=\"https:\/\/bivouhack.fr\/wp-content\/uploads\/2023\/07\/WhatsApp-Image-2023-07-26-at-18.47.26.jpeg 576w, https:\/\/bivouhack.fr\/wp-content\/uploads\/2023\/07\/WhatsApp-Image-2023-07-26-at-18.47.26-169x300.jpeg 169w\" sizes=\"(max-width: 576px) 100vw, 576px\" \/><\/a><\/figure>\n\n\n\n<figure class=\"wp-block-image size-large\"><a href=\"https:\/\/bivouhack.fr\/wp-content\/uploads\/2023\/07\/WhatsApp-Image-2023-07-26-at-18.47.254-1.jpeg\"><img decoding=\"async\" width=\"768\" height=\"1024\" data-id=\"9503\" src=\"https:\/\/bivouhack.fr\/wp-content\/uploads\/2023\/07\/WhatsApp-Image-2023-07-26-at-18.47.254-1.jpeg\" alt=\"\" class=\"wp-image-9503\" srcset=\"https:\/\/bivouhack.fr\/wp-content\/uploads\/2023\/07\/WhatsApp-Image-2023-07-26-at-18.47.254-1.jpeg 768w, https:\/\/bivouhack.fr\/wp-content\/uploads\/2023\/07\/WhatsApp-Image-2023-07-26-at-18.47.254-1-225x300.jpeg 225w\" sizes=\"(max-width: 768px) 100vw, 768px\" \/><\/a><figcaption class=\"wp-element-caption\">Fin de la for\u00eat noire et vue des Alpes Suisses<\/figcaption><\/figure>\n<\/figure>\n\n\n\n<p>Au niveau g\u00e9ographique, je r\u00e9alise que la fronti\u00e8re Suisse Allemande se compose d\u2019un immense lac, Constance. Il est long\u00e9 par l\u2019autobahn, am\u00e9nagement local fort pratique pour les vir\u00e9s en d\u00e9capotable rouge au coucher du soleil. Je note au passage la politesse des allemands, jusque dans la fa\u00e7on de doubler le Scomion. C\u2019est peut \u00eatre aussi par peur de rayer la carrosserie rouge. Des montagnes, des voiliers, de l\u2019eau et du soleil, endroit parfait pour se poser pour la nuit. Mais tout est tr\u00e8s habit\u00e9 et pas tr\u00e8s Truckfriendly. On trouve un bout de for\u00eat \u00e0 c\u00f4t\u00e9 de la route amenant \u00e0 un village. Le scomion s\u2019effondre.<\/p>\n\n\n\n<p>Promis le 14 juillet sera plus palpitant. Au programme : Munich &#8211; fronti\u00e8re &#8211; Salzburg et enfin des lacs. (et j&rsquo;aurais plus de photos)<\/p>\n","protected":false},"excerpt":{"rendered":"<p>Halo !C\u2019est parti, 2e petit pav\u00e9 pour vous raconter les premiers jours du voyage, consacr\u00e9s \u00e0 la travers\u00e9e jusqu\u2019\u00e0 Salzburg, la ville d\u2019Autriche o\u00f9 les Alpes d\u00e9marrent depuis l\u2019Est. Ce n\u2019est peut \u00eatre pas la partie la plus d\u00e9paysante, donc vous pouvez lire comme un manuel de math\u00e9matique un vendredi \u00e0 16h. C\u2019est \u00e0 dire &hellip; <\/p>\n<p class=\"link-more\"><a href=\"https:\/\/bivouhack.fr\/index.php\/2023\/07\/26\/ovss-2-deutschland\/\" class=\"more-link\">Lire la suite de<span class=\"screen-reader-text\">\u00ab\u00a0\u00d6vsS #2 &#8211; Deutschland\u00a0\u00bb<\/span><\/a><\/p>\n","protected":false},"author":8,"featured_media":9500,"comment_status":"open","ping_status":"open","sticky":false,"template":"","format":"standard","meta":{"footnotes":""},"categories":[117],"tags":[],"class_list":["post-9498","post","type-post","status-publish","format-standard","has-post-thumbnail","hentry","category-osterreich-vs-scomion"],"aioseo_notices":[],"_links":{"self":[{"href":"https:\/\/bivouhack.fr\/index.php\/wp-json\/wp\/v2\/posts\/9498","targetHints":{"allow":["GET"]}}],"collection":[{"href":"https:\/\/bivouhack.fr\/index.php\/wp-json\/wp\/v2\/posts"}],"about":[{"href":"https:\/\/bivouhack.fr\/index.php\/wp-json\/wp\/v2\/types\/post"}],"author":[{"embeddable":true,"href":"https:\/\/bivouhack.fr\/index.php\/wp-json\/wp\/v2\/users\/8"}],"replies":[{"embeddable":true,"href":"https:\/\/bivouhack.fr\/index.php\/wp-json\/wp\/v2\/comments?post=9498"}],"version-history":[{"count":1,"href":"https:\/\/bivouhack.fr\/index.php\/wp-json\/wp\/v2\/posts\/9498\/revisions"}],"predecessor-version":[{"id":9504,"href":"https:\/\/bivouhack.fr\/index.php\/wp-json\/wp\/v2\/posts\/9498\/revisions\/9504"}],"wp:featuredmedia":[{"embeddable":true,"href":"https:\/\/bivouhack.fr\/index.php\/wp-json\/wp\/v2\/media\/9500"}],"wp:attachment":[{"href":"https:\/\/bivouhack.fr\/index.php\/wp-json\/wp\/v2\/media?parent=9498"}],"wp:term":[{"taxonomy":"category","embeddable":true,"href":"https:\/\/bivouhack.fr\/index.php\/wp-json\/wp\/v2\/categories?post=9498"},{"taxonomy":"post_tag","embeddable":true,"href":"https:\/\/bivouhack.fr\/index.php\/wp-json\/wp\/v2\/tags?post=9498"}],"curies":[{"name":"wp","href":"https:\/\/api.w.org\/{rel}","templated":true}]}}