{"id":9544,"date":"2023-08-12T16:30:08","date_gmt":"2023-08-12T14:30:08","guid":{"rendered":"https:\/\/bivouhack.fr\/?p=9544"},"modified":"2023-08-12T19:49:59","modified_gmt":"2023-08-12T17:49:59","slug":"ovss-6-jours-de-pluie","status":"publish","type":"post","link":"https:\/\/bivouhack.fr\/index.php\/2023\/08\/12\/ovss-6-jours-de-pluie\/","title":{"rendered":"\u00d6vsS #6  Jours de pluie"},"content":{"rendered":"\n<p><strong>19 juille<\/strong>t. RAS. On visite quelques heures un village class\u00e9 Unesco, Hallstatt. Au bord de l\u2019eau, il se compose de ces chalets typiques, avec des balcons fleuris. Tous entass\u00e9s les uns sur les autres. Moins r\u00e9gulier que les suisses. Quelques objets insolites comme un moulin \u00e0 eau fait avec un pneu, ou des dons d\u2019objets sur une table, des vieux ateliers de menuiserie, et plein de d\u00e9tails dans les murs en bois.<br>On ne reste pas tr\u00e8s longtemps parce que \u00e7a pue le touriste \u00e0 plein nez. Mais la promenade vaut le coup. On d\u00e9cide de rouler pour faire le tour du Daschtein.<\/p>\n\n\n\n<figure class=\"wp-block-gallery has-nested-images columns-default is-cropped wp-block-gallery-1 is-layout-flex wp-block-gallery-is-layout-flex\">\n<figure class=\"wp-block-image size-large\"><a href=\"https:\/\/bivouhack.fr\/wp-content\/uploads\/2023\/08\/Autriche-italie34-1.jpeg\"><img decoding=\"async\" width=\"1024\" height=\"768\" data-id=\"9549\" src=\"https:\/\/bivouhack.fr\/wp-content\/uploads\/2023\/08\/Autriche-italie34-1-1024x768.jpeg\" alt=\"\" class=\"wp-image-9549\" srcset=\"https:\/\/bivouhack.fr\/wp-content\/uploads\/2023\/08\/Autriche-italie34-1-1024x768.jpeg 1024w, https:\/\/bivouhack.fr\/wp-content\/uploads\/2023\/08\/Autriche-italie34-1-300x225.jpeg 300w, https:\/\/bivouhack.fr\/wp-content\/uploads\/2023\/08\/Autriche-italie34-1-768x576.jpeg 768w, https:\/\/bivouhack.fr\/wp-content\/uploads\/2023\/08\/Autriche-italie34-1-1536x1152.jpeg 1536w, https:\/\/bivouhack.fr\/wp-content\/uploads\/2023\/08\/Autriche-italie34-1.jpeg 1920w\" sizes=\"(max-width: 1024px) 100vw, 1024px\" \/><\/a><figcaption class=\"wp-element-caption\">Le village &#8211; vu d&rsquo;une pi\u00e8tre photographe<\/figcaption><\/figure>\n\n\n\n<figure class=\"wp-block-image size-large\"><a href=\"https:\/\/bivouhack.fr\/wp-content\/uploads\/2023\/08\/Autriche-italie31.jpeg\"><img decoding=\"async\" width=\"1024\" height=\"768\" data-id=\"9547\" src=\"https:\/\/bivouhack.fr\/wp-content\/uploads\/2023\/08\/Autriche-italie31-1024x768.jpeg\" alt=\"\" class=\"wp-image-9547\" srcset=\"https:\/\/bivouhack.fr\/wp-content\/uploads\/2023\/08\/Autriche-italie31-1024x768.jpeg 1024w, https:\/\/bivouhack.fr\/wp-content\/uploads\/2023\/08\/Autriche-italie31-300x225.jpeg 300w, https:\/\/bivouhack.fr\/wp-content\/uploads\/2023\/08\/Autriche-italie31-768x576.jpeg 768w, https:\/\/bivouhack.fr\/wp-content\/uploads\/2023\/08\/Autriche-italie31-1536x1152.jpeg 1536w, https:\/\/bivouhack.fr\/wp-content\/uploads\/2023\/08\/Autriche-italie31.jpeg 1920w\" sizes=\"(max-width: 1024px) 100vw, 1024px\" \/><\/a><\/figure>\n<\/figure>\n\n\n\n<p>On s\u2019enfonce dans le sud des alpes Est des alpes, o\u00f9 l\u2019on peut voir la limite entre la plaine et les montagnes. Les vall\u00e9es sont beaucoup plus espac\u00e9es, remplies de champs, de fermes et de villages.<br>On se pose \u00e0 c\u00f4t\u00e9 d\u2019une cabane, d&rsquo;un champs et d\u2019un vieux camping car fran\u00e7ais. La soir\u00e9e nous offre un magnifique spectacle orageux, avec des \u00e9clairs \u00e0 360\u00b0. Merveilleuse sensation d&rsquo;\u00eatre blotti dans un plaid, \u00e0 manger des p\u00e2tes devant le spectacle de la nature. La t\u00e9l\u00e9 c&rsquo;est surc\u00f4t\u00e9e. <\/p>\n\n\n\n<p><strong>20 juillet<\/strong> On prend le caf\u00e9 avec les fran\u00e7ais, avec l\u2019\u00e9trange impression de parler \u00e0 des copies de nous m\u00eame : un couple avec un chien, en road trip mi rando mi festival, plut\u00f4t poussiereux et qui boivent du caf\u00e9 dans des pots de confiture vide. Ca fait du bien d\u2019\u00e9changer un peu, de se donner des conseils de trucs \u00e0 voir, de papoter sans se presser avec des inconnus. C\u2019est peut \u00eatre ce qui me manque dans ce voyage, mais j\u2019ai du mal \u00e0 aborder les gens ici. On les aide \u00e0 d\u00e9marrer puis on continue la route, pour finir le tour du Daschtein sur son flanc Sud Ouest. Les vall\u00e9es sont de plus en plus \u00e9tranges, des champs, entrecoup\u00e9s de grosses zones commerciales. On tente de faire des courses dans un magasin inconnu, mais je vois tr\u00e8s peu de diff\u00e9rence avec les aliments fran\u00e7ais. On chope quelques sp\u00e9cialit\u00e9s, on pleure devant les prix ( 1.30 \u20ac LA courgette). C\u2019est peut \u00eatre l\u2019occasion de vous donner les quelques remarques sur les magasins ici :<\/p>\n\n\n\n<p><strong>Petit point sur les supermarch\u00e9s autrichiens :<\/strong><br>&#8211; Fonctionnement par consigne (yaourt, bi\u00e8re \u2026)<br>&#8211; La viande est parfois moins cher que les l\u00e9gumes qui sont d\u2019ailleurs pas bon. Il faudrait trouver un march\u00e9\u2026.<br>&#8211; Ca me para\u00eet plus cher qu\u2019en France<br>&#8211; les SPARs sont immenses (taille d\u2019un mega carrefour fran\u00e7ais). Les logos de certaines marques ressemblent \u00e9trangement aux ALDI fran\u00e7ais. Les Lidls sont rois. (En m\u00eame temps c\u2019est une marque allemande je crois)<br>&#8211; Les yaourts \u00e0 l\u2019unit\u00e9 \u00e7a n\u2019existe pas<br>&#8211; Le pain est brioch\u00e9 et sucr\u00e9<br>&#8211; Les gens font la gueule, comme dans tout les supermarch\u00e9s<br>&#8211; Le fromage \u00e0 l\u2019air aussi app\u00e9tissant qu\u2019aux US<br>&#8211; Le rayons g\u00e2teau est immense et y a des plaquettes de chocolat de 300 gr<br>&#8211; Evidemment le beurre n\u2019est pas sal\u00e9<br>&#8211; Le vrai point positif c\u2019est les bretzel, qui sont meilleur au lidl du coin qu\u2019\u00e0 la boulangerie de luxe dans le march\u00e9 Munich. Comme quoi.<\/p>\n\n\n\n<p>On s\u2019enfonce dans une autre vall\u00e9e, Zell am See . Au fond de la route, \u00e0 c\u00f4t\u00e9 d\u2019un \u00e9levage de ch\u00e8vre, dans, devinez quoi\u2026 une for\u00eat de pins. Again. Petite balade de fin d\u2019aprem pour se d\u00e9gourdir les jambes. On tombe sur une zone en construction d\u2019am\u00e9nagement de la rivi\u00e8re pour lutter contre les crues et les chutent de troncs d\u2019arbres qui pourraient d\u00e9valler dans la vall\u00e9e. Et au vue l\u2019humidit\u00e9 ambiante, ces travaux semblent tout \u00e0 fait justifi\u00e9s (comme le ramassage de girolles). Brrrr d\u00e9cid\u00e9ment ces arbres. Vertigineux par leur taille, mais aussi leur finesse. Ils sont tr\u00e8s souples, coll\u00e9s les uns aux autres .<br>Je croise beaucoup de garde forestiers depuis le d\u00e9but du voyage\u2026 il y a l\u2019air d\u2019avoir un sacr\u00e9 travail \u00e0 faire pour g\u00e9rer tout ces arbres qui tombent. <\/p>\n\n\n\n<p>Le temps est maussade, demain il pleut toute la journ\u00e9e. On restera probablement l\u00e0, pour choper la fen\u00eatre m\u00e9t\u00e9o qui arrive plus tard.<\/p>\n\n\n\n<p><strong>21 juillet.<\/strong> Effectivement il pleut. Et on s\u2019emmerde un peu. La meilleure chose \u00e0 faire dans ces moments l\u00e0, c\u2019est de manger \u00e9videmment. On tente des cookies \u00e0 la po\u00eale \u2026 am\u00e9liorables.<br>J\u2019ai surement pleins de r\u00e9flexions qui me sont pass\u00e9es par la t\u00eate cette journ\u00e9e l\u00e0. Mais j\u2019ai tout oubli\u00e9, seule reste cette sensation d\u2019\u00eatre dans un cocon en hiver, chez soi avec des \u00eatres qui te rendent heureuse. Alors oui il fait moche, tu peux pas sortir, tu rates une journ\u00e9e de vacances pr\u00e9cieuse \u2026. Mais je crois que \u00e7a permet aussi de revenir \u00e0 l\u2019essentiel. A trop s\u2019ouvrir vers l\u2019ext\u00e9rieur, j\u2019en oublie parfois d\u2019alimenter mes intimes.<\/p>\n\n\n\n<figure class=\"wp-block-image size-large\"><a href=\"https:\/\/bivouhack.fr\/wp-content\/uploads\/2023\/08\/Autriche-italie38.jpeg\"><img decoding=\"async\" width=\"768\" height=\"1024\" src=\"https:\/\/bivouhack.fr\/wp-content\/uploads\/2023\/08\/Autriche-italie38-768x1024.jpeg\" alt=\"\" class=\"wp-image-9545\" srcset=\"https:\/\/bivouhack.fr\/wp-content\/uploads\/2023\/08\/Autriche-italie38-768x1024.jpeg 768w, https:\/\/bivouhack.fr\/wp-content\/uploads\/2023\/08\/Autriche-italie38-225x300.jpeg 225w, https:\/\/bivouhack.fr\/wp-content\/uploads\/2023\/08\/Autriche-italie38-1152x1536.jpeg 1152w, https:\/\/bivouhack.fr\/wp-content\/uploads\/2023\/08\/Autriche-italie38.jpeg 1440w\" sizes=\"(max-width: 768px) 100vw, 768px\" \/><\/a><figcaption class=\"wp-element-caption\">LE mega cookie<\/figcaption><\/figure>\n\n\n\n<figure class=\"wp-block-image size-large\"><a href=\"https:\/\/bivouhack.fr\/wp-content\/uploads\/2023\/08\/Autriche-italie37.jpeg\"><img decoding=\"async\" width=\"1024\" height=\"768\" src=\"https:\/\/bivouhack.fr\/wp-content\/uploads\/2023\/08\/Autriche-italie37-1024x768.jpeg\" alt=\"\" class=\"wp-image-9546\" srcset=\"https:\/\/bivouhack.fr\/wp-content\/uploads\/2023\/08\/Autriche-italie37-1024x768.jpeg 1024w, https:\/\/bivouhack.fr\/wp-content\/uploads\/2023\/08\/Autriche-italie37-300x225.jpeg 300w, https:\/\/bivouhack.fr\/wp-content\/uploads\/2023\/08\/Autriche-italie37-768x576.jpeg 768w, https:\/\/bivouhack.fr\/wp-content\/uploads\/2023\/08\/Autriche-italie37-1536x1152.jpeg 1536w, https:\/\/bivouhack.fr\/wp-content\/uploads\/2023\/08\/Autriche-italie37.jpeg 1920w\" sizes=\"(max-width: 1024px) 100vw, 1024px\" \/><\/a><\/figure>\n\n\n\n<p>Dodo \u00e0 l\u2019heure des m\u00f4mes &#8211; r\u00e9veil 5h pour traverser la grande route panoramique qui traverse le parc national du Grossglockner.<\/p>\n\n\n\n<p>Bonne lui les petits.<\/p>\n","protected":false},"excerpt":{"rendered":"<p>19 juillet. RAS. On visite quelques heures un village class\u00e9 Unesco, Hallstatt. Au bord de l\u2019eau, il se compose de ces chalets typiques, avec des balcons fleuris. Tous entass\u00e9s les uns sur les autres. Moins r\u00e9gulier que les suisses. Quelques objets insolites comme un moulin \u00e0 eau fait avec un pneu, ou des dons d\u2019objets &hellip; <\/p>\n<p class=\"link-more\"><a href=\"https:\/\/bivouhack.fr\/index.php\/2023\/08\/12\/ovss-6-jours-de-pluie\/\" class=\"more-link\">Lire la suite de<span class=\"screen-reader-text\">\u00ab\u00a0\u00d6vsS #6  Jours de pluie\u00a0\u00bb<\/span><\/a><\/p>\n","protected":false},"author":8,"featured_media":9545,"comment_status":"open","ping_status":"open","sticky":false,"template":"","format":"standard","meta":{"footnotes":""},"categories":[117],"tags":[],"class_list":["post-9544","post","type-post","status-publish","format-standard","has-post-thumbnail","hentry","category-osterreich-vs-scomion"],"aioseo_notices":[],"_links":{"self":[{"href":"https:\/\/bivouhack.fr\/index.php\/wp-json\/wp\/v2\/posts\/9544","targetHints":{"allow":["GET"]}}],"collection":[{"href":"https:\/\/bivouhack.fr\/index.php\/wp-json\/wp\/v2\/posts"}],"about":[{"href":"https:\/\/bivouhack.fr\/index.php\/wp-json\/wp\/v2\/types\/post"}],"author":[{"embeddable":true,"href":"https:\/\/bivouhack.fr\/index.php\/wp-json\/wp\/v2\/users\/8"}],"replies":[{"embeddable":true,"href":"https:\/\/bivouhack.fr\/index.php\/wp-json\/wp\/v2\/comments?post=9544"}],"version-history":[{"count":1,"href":"https:\/\/bivouhack.fr\/index.php\/wp-json\/wp\/v2\/posts\/9544\/revisions"}],"predecessor-version":[{"id":9550,"href":"https:\/\/bivouhack.fr\/index.php\/wp-json\/wp\/v2\/posts\/9544\/revisions\/9550"}],"wp:featuredmedia":[{"embeddable":true,"href":"https:\/\/bivouhack.fr\/index.php\/wp-json\/wp\/v2\/media\/9545"}],"wp:attachment":[{"href":"https:\/\/bivouhack.fr\/index.php\/wp-json\/wp\/v2\/media?parent=9544"}],"wp:term":[{"taxonomy":"category","embeddable":true,"href":"https:\/\/bivouhack.fr\/index.php\/wp-json\/wp\/v2\/categories?post=9544"},{"taxonomy":"post_tag","embeddable":true,"href":"https:\/\/bivouhack.fr\/index.php\/wp-json\/wp\/v2\/tags?post=9544"}],"curies":[{"name":"wp","href":"https:\/\/api.w.org\/{rel}","templated":true}]}}