{"id":9564,"date":"2023-08-12T19:57:51","date_gmt":"2023-08-12T17:57:51","guid":{"rendered":"https:\/\/bivouhack.fr\/?p=9564"},"modified":"2023-08-12T20:00:25","modified_gmt":"2023-08-12T18:00:25","slug":"ovss-8-journee-echec-et-histoire-dautriche","status":"publish","type":"post","link":"https:\/\/bivouhack.fr\/index.php\/2023\/08\/12\/ovss-8-journee-echec-et-histoire-dautriche\/","title":{"rendered":"\u00d6vsS #8 Journ\u00e9e echec et histoire d&rsquo;Autriche"},"content":{"rendered":"\n<p>Le 23 juillet fait partie de ces journ\u00e9es un peu rat\u00e9e, qui ne ressemblent \u00e0 rien mais qui pourtant plantent sournoisement des graines dans ton cerveau.<\/p>\n\n\n\n<p>Je traine des pieds. Grand Nounours trouve une petite balade pour avoir un point de vue sur les alpes italiennes. Les Dolomites. Mais bon c\u2019est du goudron dans une for\u00eat, r\u00e9p\u00e9titif. A 1 km du sommet, on se retrouve bloqu\u00e9 par une propri\u00e9t\u00e9 priv\u00e9e o\u00f9 il est interdit de passer. Demi tour. Je rage encore plus.<br>Les dolomites sont toujours belles aux loins. Je descend en \u00e9coutant un podcast sur l\u2019histoire d\u2019Autriche. On avance dans l\u2019apr\u00e8s midi pour rejoindre l\u2019autre c\u00f4t\u00e9 du massif, dans l\u2019Osttirol pour une belle rando le lendemain. Pour cette fin de journ\u00e9e, Grand Nounours avait rep\u00e9r\u00e9 une balade pour voir de tr\u00e8s tr\u00e8s vieux m\u00e9l\u00e8zes. Mais sa sieste devient une v\u00e9ritable hibernation. Je tourne en rond. Seul plaisir de la journ\u00e9e, un feuillet\u00e9 de l\u00e9gumes concoct\u00e9 par le chef, et l\u2019image des Dolomites qui trotte dans ma t\u00eate en m\u2019endormant. Demain sera meilleur.<\/p>\n\n\n\n<p><\/p>\n\n\n\n<p>Puisque cet article n\u2019est pas du tout passionnant, j\u2019en profite pour vous faire un tr\u00e8s tr\u00e8s rapide r\u00e9sum\u00e9 de l\u2019histoire d\u2019Autriche, version papier m\u00e2ch\u00e9 (cliquer sur la croix sinon et \u00e0 bient\u00f4t). Merci Wikip\u00e9dia et le podcast.<\/p>\n\n\n\n<p>Je ne suis pas une f\u00e9rue d\u2019histoire, mais conna\u00eetre les grandes lignes permet d\u2019\u00e9clairer des monuments, des atmosph\u00e8res que j\u2019ai per\u00e7u pendant le voyage. Par exemple, la grande emprise du catholicisme, avec des \u00e9glises dans chaque village, des crucifix sur beaucoup de sentier. Ou encore l\u2019esth\u00e9tique tr\u00e8s rococo et baroque des monuments, qui gardent l\u2019histoire monarchique en m\u00e9moire. O\u00f9 pourquoi l\u2019Italie du Nord se rapproche beaucoup du Tyrol.<\/p>\n\n\n\n<p>D\u00e9marrons au moyen-\u00e2ge.<br>Au commencement, il y a eu la toute puissance de la riche famille des Habsbourg, du moyen-\u00e2ge au XIXe. On parle beaucoup de Maximilien 1er qui a permit \u00e0 l\u2019Autriche de devenir une grande puissance \u00e0 l\u2019\u00e9poque (fin XVe- d\u00e9but XVIe). Il porte quand m\u00eame le joli titre d\u2019empereur du Saint Empire. Fait notable, il agit de fa\u00e7on tr\u00e8s pacifique, avec beaucoup d\u2019unions et pas\/peu de guerre. J\u2019adore sa maxime : \u00ab&nbsp;Que les autres fassent la guerre, toi, heureuse Autriche, contracte des mariages, Car les royaumes que Mars donne aux autres, c&rsquo;est V\u00e9nus qui te les assure.&nbsp;\u00bb&nbsp;Et \u00e7a marche tr\u00e8s bien puisque le saint empire germanique prosp\u00e8re longtemps.<br>En 1745, la derni\u00e8re h\u00e9riti\u00e8re, Marie-Th\u00e9r\u00e8se d\u2019Autriche devient imp\u00e9ratrice. Sacr\u00e9 personne elle aussi. Bon les Hasbourg sont quand m\u00eame un peu m\u00e9galo puisque leur devise est \u00ab&nbsp; Il revient \u00e0 l\u2019Autriche de commander au monde entier&nbsp;\u00bb ou encore \u00ab&nbsp; Tout ce qui est terrestre est soumis \u00e0 l\u2019Autriche&nbsp;\u00bb.<\/p>\n\n\n\n<p>Apr\u00e8s, pas de bol pour eux, c\u2019est le moment de la r\u00e9volution fran\u00e7aise, qui entraine une guerre de l\u2019empire, un peu chamboul\u00e9 dans ses institutions monarchiques. L\u2019Allemagne et l\u2019Italie n\u2019appartiennent plus \u00e0 l\u2019Empire pendant quelques ann\u00e9es, jusqu\u2019au fameux congr\u00e8s de Vienne (1814), date important dans leur histoire, qui les r\u00e9int\u00e8gre \u00e0 l\u2019empire. Les politiques sont plut\u00f4t r\u00e9actionnaires, et imposent un syst\u00e8me r\u00e9actionnaire religieux, avec des saintes alliances \u00e0 l\u2019Est. Avec les vents r\u00e9volutionnaires, ils gal\u00e8rent \u00e0 maintenir une stabilit\u00e9 dans les territoires italiens. Puis ils se disputent avec leur alli\u00e9s, la Prusse et la Russie au sujet des \u00e9tat allemands et des Balkans. Pendant tout ce temps, on parle beaucoup du ministre Metternich, m\u00eame s\u2019il y a toujours une monarchie en place.<br>1848, R\u00e9volution \u00e0 Vienne, insurrections en Hongrie et Italie, qui ne marchent pas tr\u00e8s bien. Les Sardes et les pi\u00e9monts commencent \u00e0 s\u2019\u00e9nerver et gagnent du terrain en Italie (gr\u00e2ce \u00e0 la Prusse qui a retourn\u00e9 sa veste). La Prusse les \u00e9crasent en 1866,et le 23 ao\u00fbt le trait\u00e9 de Prague abandonne la conf\u00e9d\u00e9ration allemande qui devient l\u2019empire allemand, sans l\u2019Autriche.L\u2019empire d\u2019Autriche, se r\u00e9duit en empire Autriche-Hongrie. ( + Bosnie Herz\u00e9govine et tout les pays de l\u2019Est qui n\u2019ont pas trop leur mot \u00e0 dire).<\/p>\n\n\n\n<p>L\u00e0 on arrive \u00e0 la seule chose que l\u2019on connait de l\u2019Autriche : l\u2019assassinat de l\u2019archiduc Fran\u00e7ois Ferdinand, l\u2019h\u00e9ritier Hasbourg au tr\u00f4ne de l\u2019empire d\u2019Autriche par un serbe qui voulait son ind\u00e9pendance. Boum 1ere guerre-mondiale. Mais je crois qu\u2019ils ont pas mal de gal\u00e8res nationalistes et ethniques en m\u00eame temps dans le territoire. Les Hongrois sont pas tr\u00e8s chaud pour se battre, pas beaucoup de budget, ni d\u2019hommes. Bref, ils se font \u00e9clat\u00e9 la gueule par les Russes, et les serbes aussi. Jusqu\u2019\u00e0 la Triple Alliance bien sur. Puis l\u2019Italie toque \u00e0 leur porte et leur rentre dedans. Dommage \u00e7a se calmait avec la Russie.<br>C\u2019est une p\u00e9riode dont les souvenirs planent encore quand on se balade, surtout en montagne o\u00f9 tu peux voir des photos, des postes de gardes, des grottes. Par exemple, on verra dans les Dolomites le col di Lana, o\u00f9 les deux nations s\u2019affrontent salement.<\/p>\n\n\n\n<p>Puis apr\u00e8s ils ont des r\u00e9voltent \u00e0 l\u2019int\u00e9rieur des arm\u00e9es, et de tous les peuples qui veulent leur ind\u00e9pendance, (et plus de monarchie). \u00c7a marche, et l\u2019Autriche devient une r\u00e9publique en 1918, se s\u00e9pare de la Hongrie. L\u2019emprise des Habsbourg est d\u00e9finitivement de l\u2019histoire ancienne.<br>Bon \u00e7a reste la merde, parce qu\u2019il n\u2019y a plus d\u2019argent et des famines. Et puis pas mal de r\u00e9gions (le Tyrol, le Voralberg etc.) \u00e0 veulent se rapprocher plut\u00f4t de l\u2019Allemagne ou de la Suisse.<br>Et puis l\u2019Autriche perd la guerre, donc elle a pas trop son mot \u00e0 dire et c\u2019est les Alli\u00e9s qui d\u00e9finissent les limites du territoires. Le Tyrol est divis\u00e9 en deux, avec le Sud Tyrol en Italie par exemple.<\/p>\n\n\n\n<p>Bon apr\u00e8s c\u2019est un peu plus facile de deviner ce qu\u2019il se passe, le pouvoir devient autoritaire, de plus en plus fascho (un peu sous menaces de Mussolini et Hitler), mais une grosse religion catholique derri\u00e8re. Et puis l\u2019id\u00e9ologie nazi comprend la clause \u00ab&nbsp;indexer l\u2019Autriche&nbsp;\u00bb. Ca finit par aboutir \u00e0 un accord en 1936 o\u00f9 l\u2019Autriche devient un \u00e9tat allemand et doit lib\u00e9rer les nazis en prison. Les allemands nazis s\u2019infiltrent dans la politique autrichienne et c\u2019est un peu la fin de la libert\u00e9 autrichienne. En m\u00eame temps certains sont content parce que le pays est toujours en pls \u00e9conomique et qu\u2019ils esp\u00e8rent que les nazis vont les sauver.<\/p>\n\n\n\n<p>Apr\u00e8s, 2nd guerre mondiale, je passe parce que grossomerdo, l\u2019Autriche fait ce que l\u2019Allemagne lui demande de faire, avec moins de moyens.<br>A la fin de la guerre, les Alli\u00e9s se partagent le territoire et Vienne (comme Berlin), et les socialistes sont au pouvoir. Je vous passe l\u2019histoire internationale que vous devez d\u00e9j\u00e0 conna\u00eetre.<br>Les alli\u00e9s se cassent en 1955 apr\u00e8s que l\u2019Autriche se soit proclam\u00e9 neutre. Et apr\u00e8s c\u2019est une histoire de politique altern\u00e9s entre les partis, je ne suis pas all\u00e9e plus loin.<\/p>\n","protected":false},"excerpt":{"rendered":"<p>Le 23 juillet fait partie de ces journ\u00e9es un peu rat\u00e9e, qui ne ressemblent \u00e0 rien mais qui pourtant plantent sournoisement des graines dans ton cerveau. Je traine des pieds. Grand Nounours trouve une petite balade pour avoir un point de vue sur les alpes italiennes. Les Dolomites. Mais bon c\u2019est du goudron dans une &hellip; <\/p>\n<p class=\"link-more\"><a href=\"https:\/\/bivouhack.fr\/index.php\/2023\/08\/12\/ovss-8-journee-echec-et-histoire-dautriche\/\" class=\"more-link\">Lire la suite de<span class=\"screen-reader-text\">\u00ab\u00a0\u00d6vsS #8 Journ\u00e9e echec et histoire d&rsquo;Autriche\u00a0\u00bb<\/span><\/a><\/p>\n","protected":false},"author":8,"featured_media":0,"comment_status":"open","ping_status":"open","sticky":false,"template":"","format":"standard","meta":{"footnotes":""},"categories":[117],"tags":[],"class_list":["post-9564","post","type-post","status-publish","format-standard","hentry","category-osterreich-vs-scomion"],"aioseo_notices":[],"_links":{"self":[{"href":"https:\/\/bivouhack.fr\/index.php\/wp-json\/wp\/v2\/posts\/9564","targetHints":{"allow":["GET"]}}],"collection":[{"href":"https:\/\/bivouhack.fr\/index.php\/wp-json\/wp\/v2\/posts"}],"about":[{"href":"https:\/\/bivouhack.fr\/index.php\/wp-json\/wp\/v2\/types\/post"}],"author":[{"embeddable":true,"href":"https:\/\/bivouhack.fr\/index.php\/wp-json\/wp\/v2\/users\/8"}],"replies":[{"embeddable":true,"href":"https:\/\/bivouhack.fr\/index.php\/wp-json\/wp\/v2\/comments?post=9564"}],"version-history":[{"count":2,"href":"https:\/\/bivouhack.fr\/index.php\/wp-json\/wp\/v2\/posts\/9564\/revisions"}],"predecessor-version":[{"id":9566,"href":"https:\/\/bivouhack.fr\/index.php\/wp-json\/wp\/v2\/posts\/9564\/revisions\/9566"}],"wp:attachment":[{"href":"https:\/\/bivouhack.fr\/index.php\/wp-json\/wp\/v2\/media?parent=9564"}],"wp:term":[{"taxonomy":"category","embeddable":true,"href":"https:\/\/bivouhack.fr\/index.php\/wp-json\/wp\/v2\/categories?post=9564"},{"taxonomy":"post_tag","embeddable":true,"href":"https:\/\/bivouhack.fr\/index.php\/wp-json\/wp\/v2\/tags?post=9564"}],"curies":[{"name":"wp","href":"https:\/\/api.w.org\/{rel}","templated":true}]}}